{"id":21955,"date":"2025-03-10T19:21:33","date_gmt":"2025-03-11T01:21:33","guid":{"rendered":"https:\/\/gobernacionaltaverapaz.gob.gt\/?p=21955"},"modified":"2025-03-25T10:14:57","modified_gmt":"2025-03-25T16:14:57","slug":"caminata-conmemorativa-por-el-dia-internacional-de-la-mujer","status":"publish","type":"post","link":"https:\/\/gobernacionaltaverapaz.gob.gt\/?p=21955","title":{"rendered":"Caminata conmemorativa por el D\u00eda Internacional de la Mujer"},"content":{"rendered":"<div class=\"xdj266r x11i5rnm xat24cr x1mh8g0r x1vvkbs x126k92a\">\n<div dir=\"auto\" style=\"text-align: justify;\">Hoy 10 de Marzo, la Gobernadora de Alta Verapaz acompa\u00f1\u00f3 a mujeres de diferentes barrios del municipio de Senah\u00fa en una caminata conmemorativa por el D\u00eda Internacional de la Mujer.<\/div>\n<\/div>\n<div class=\"x11i5rnm xat24cr x1mh8g0r x1vvkbs xtlvy1s x126k92a\" style=\"text-align: justify;\">\n<div dir=\"auto\">Este d\u00eda, conmemorado cada 8 de marzo, nos recuerda la lucha hist\u00f3rica por la igualdad de derechos, el reconocimiento y la participaci\u00f3n de las mujeres en la sociedad. Es una fecha para reflexionar sobre los avances alcanzados y los desaf\u00edos que a\u00fan enfrentamos para garantizar un mundo m\u00e1s justo y equitativo.<\/div>\n<\/div>\n<div class=\"x11i5rnm xat24cr x1mh8g0r x1vvkbs xtlvy1s x126k92a\" style=\"text-align: justify;\">\n<div dir=\"auto\">La caminata culmin\u00f3 en el estadio municipal, donde se compartieron mensajes sobre la importancia de esta conmemoraci\u00f3n y el papel fundamental de las mujeres en la construcci\u00f3n de una sociedad m\u00e1s inclusiva.<\/div>\n<div dir=\"auto\"><\/div>\n<\/div>\n<div class=\"x11i5rnm xat24cr x1mh8g0r x1vvkbs xtlvy1s x126k92a\">\n<div dir=\"auto\" style=\"text-align: justify;\">Sigamos caminando juntas hacia un futuro con m\u00e1s oportunidades, respeto y equidad para todas.<\/div>\n<\/div>\n<p>&nbsp;<\/p>\n<p>&nbsp;<\/p>\n<div><\/div>\n","protected":false},"excerpt":{"rendered":"<p>Hoy 10 de Marzo, la Gobernadora de Alta Verapaz acompa\u00f1\u00f3 a mujeres de diferentes barrios del municipio de Senah\u00fa en una caminata conmemorativa por el D\u00eda Internacional de la Mujer. Este d\u00eda, conmemorado cada 8 de marzo, nos recuerda la lucha hist\u00f3rica por la igualdad de derechos, el reconocimiento y la participaci\u00f3n de las mujeres [&hellip;]<\/p>\n","protected":false},"author":1,"featured_media":21941,"comment_status":"closed","ping_status":"open","sticky":false,"template":"","format":"gallery","meta":[],"categories":[183],"tags":[178],"_links":{"self":[{"href":"https:\/\/gobernacionaltaverapaz.gob.gt\/index.php?rest_route=\/wp\/v2\/posts\/21955"}],"collection":[{"href":"https:\/\/gobernacionaltaverapaz.gob.gt\/index.php?rest_route=\/wp\/v2\/posts"}],"about":[{"href":"https:\/\/gobernacionaltaverapaz.gob.gt\/index.php?rest_route=\/wp\/v2\/types\/post"}],"author":[{"embeddable":true,"href":"https:\/\/gobernacionaltaverapaz.gob.gt\/index.php?rest_route=\/wp\/v2\/users\/1"}],"replies":[{"embeddable":true,"href":"https:\/\/gobernacionaltaverapaz.gob.gt\/index.php?rest_route=%2Fwp%2Fv2%2Fcomments&post=21955"}],"version-history":[{"count":1,"href":"https:\/\/gobernacionaltaverapaz.gob.gt\/index.php?rest_route=\/wp\/v2\/posts\/21955\/revisions"}],"predecessor-version":[{"id":21956,"href":"https:\/\/gobernacionaltaverapaz.gob.gt\/index.php?rest_route=\/wp\/v2\/posts\/21955\/revisions\/21956"}],"wp:featuredmedia":[{"embeddable":true,"href":"https:\/\/gobernacionaltaverapaz.gob.gt\/index.php?rest_route=\/wp\/v2\/media\/21941"}],"wp:attachment":[{"href":"https:\/\/gobernacionaltaverapaz.gob.gt\/index.php?rest_route=%2Fwp%2Fv2%2Fmedia&parent=21955"}],"wp:term":[{"taxonomy":"category","embeddable":true,"href":"https:\/\/gobernacionaltaverapaz.gob.gt\/index.php?rest_route=%2Fwp%2Fv2%2Fcategories&post=21955"},{"taxonomy":"post_tag","embeddable":true,"href":"https:\/\/gobernacionaltaverapaz.gob.gt\/index.php?rest_route=%2Fwp%2Fv2%2Ftags&post=21955"}],"curies":[{"name":"wp","href":"https:\/\/api.w.org\/{rel}","templated":true}]}}