{"id":21967,"date":"2025-03-11T16:08:34","date_gmt":"2025-03-11T22:08:34","guid":{"rendered":"https:\/\/gobernacionaltaverapaz.gob.gt\/?p=21967"},"modified":"2025-03-25T10:25:00","modified_gmt":"2025-03-25T16:25:00","slug":"reunion-mensual-de-la-codesan","status":"publish","type":"post","link":"https:\/\/gobernacionaltaverapaz.gob.gt\/?p=21967","title":{"rendered":"Reuni\u00f3n mensual de la CODESAN"},"content":{"rendered":"<div class=\"xdj266r x11i5rnm xat24cr x1mh8g0r x1vvkbs x126k92a\">\n<div dir=\"auto\" style=\"text-align: justify;\">Se llev\u00f3 a cabo la reuni\u00f3n mensual de la Comisi\u00f3n Departamental de Seguridad Alimentaria y Nutricional (CODESAN), en donde las instituciones clave abordaron la problematica en el acceso a agua potable y saneamiento, as\u00ed como el fortalecimiento en el trabajo en seguridad alimentaria.<\/div>\n<\/div>\n<div class=\"x11i5rnm xat24cr x1mh8g0r x1vvkbs xtlvy1s x126k92a\">\n<div dir=\"auto\" style=\"text-align: justify;\">Se present\u00f3 una propuesta para usar fondos del CODEDE en proyectos de agua potable y saneamiento.<\/div>\n<div dir=\"auto\" style=\"text-align: justify;\">La Procuradur\u00eda de los Derechos Humanos (PDH) explic\u00f3 sobre el derecho a la alimentaci\u00f3n.<\/div>\n<div dir=\"auto\" style=\"text-align: justify;\">Se discuti\u00f3 c\u00f3mo mejorar la planificaci\u00f3n estrat\u00e9gica para que las instituciones coordinen y logren resultados m\u00e1s efectivos presentado por el Instituto Nacional de Administraci\u00f3n P\u00fablica (INAP)<\/div>\n<\/div>\n<p>&nbsp;<\/p>\n<p>&nbsp;<\/p>\n<div><\/div>\n<p>&nbsp;<\/p>\n<p>&nbsp;<\/p>\n","protected":false},"excerpt":{"rendered":"<p>Se llev\u00f3 a cabo la reuni\u00f3n mensual de la Comisi\u00f3n Departamental de Seguridad Alimentaria y Nutricional (CODESAN), en donde las instituciones clave abordaron la problematica en el acceso a agua potable y saneamiento, as\u00ed como el fortalecimiento en el trabajo en seguridad alimentaria. Se present\u00f3 una propuesta para usar fondos del CODEDE en proyectos de [&hellip;]<\/p>\n","protected":false},"author":1,"featured_media":21968,"comment_status":"closed","ping_status":"open","sticky":false,"template":"","format":"gallery","meta":[],"categories":[183],"tags":[178],"_links":{"self":[{"href":"https:\/\/gobernacionaltaverapaz.gob.gt\/index.php?rest_route=\/wp\/v2\/posts\/21967"}],"collection":[{"href":"https:\/\/gobernacionaltaverapaz.gob.gt\/index.php?rest_route=\/wp\/v2\/posts"}],"about":[{"href":"https:\/\/gobernacionaltaverapaz.gob.gt\/index.php?rest_route=\/wp\/v2\/types\/post"}],"author":[{"embeddable":true,"href":"https:\/\/gobernacionaltaverapaz.gob.gt\/index.php?rest_route=\/wp\/v2\/users\/1"}],"replies":[{"embeddable":true,"href":"https:\/\/gobernacionaltaverapaz.gob.gt\/index.php?rest_route=%2Fwp%2Fv2%2Fcomments&post=21967"}],"version-history":[{"count":1,"href":"https:\/\/gobernacionaltaverapaz.gob.gt\/index.php?rest_route=\/wp\/v2\/posts\/21967\/revisions"}],"predecessor-version":[{"id":21969,"href":"https:\/\/gobernacionaltaverapaz.gob.gt\/index.php?rest_route=\/wp\/v2\/posts\/21967\/revisions\/21969"}],"wp:featuredmedia":[{"embeddable":true,"href":"https:\/\/gobernacionaltaverapaz.gob.gt\/index.php?rest_route=\/wp\/v2\/media\/21968"}],"wp:attachment":[{"href":"https:\/\/gobernacionaltaverapaz.gob.gt\/index.php?rest_route=%2Fwp%2Fv2%2Fmedia&parent=21967"}],"wp:term":[{"taxonomy":"category","embeddable":true,"href":"https:\/\/gobernacionaltaverapaz.gob.gt\/index.php?rest_route=%2Fwp%2Fv2%2Fcategories&post=21967"},{"taxonomy":"post_tag","embeddable":true,"href":"https:\/\/gobernacionaltaverapaz.gob.gt\/index.php?rest_route=%2Fwp%2Fv2%2Ftags&post=21967"}],"curies":[{"name":"wp","href":"https:\/\/api.w.org\/{rel}","templated":true}]}}