{"id":21989,"date":"2025-03-12T17:48:31","date_gmt":"2025-03-12T23:48:31","guid":{"rendered":"https:\/\/gobernacionaltaverapaz.gob.gt\/?p=21989"},"modified":"2025-03-25T10:46:45","modified_gmt":"2025-03-25T16:46:45","slug":"fortaleciendo-la-gobernanza-del-riesgo-de-desastres-a-nivel-municipal","status":"publish","type":"post","link":"https:\/\/gobernacionaltaverapaz.gob.gt\/?p=21989","title":{"rendered":"Fortaleciendo la Gobernanza del Riesgo de Desastres a Nivel Municipal"},"content":{"rendered":"<div class=\"x11i5rnm xat24cr x1mh8g0r x1vvkbs xtlvy1s x126k92a\">\n<div dir=\"auto\" style=\"text-align: justify;\">Se ha realizado el Foro de Fortalecimiento de la Gobernanza del Riesgo de Desastres a Nivel Municipal, dirigido por la Coordinadora Nacional para la Reducci\u00f3n de Desastres &#8211; CONRED.<\/div>\n<\/div>\n<div class=\"x11i5rnm xat24cr x1mh8g0r x1vvkbs xtlvy1s x126k92a\" style=\"text-align: justify;\">\n<div dir=\"auto\">Durante el encuentro, se resalt\u00f3 la importancia de los gobiernos locales en la Reducci\u00f3n del Riesgo de Desastres (RRD) y se discutieron los procesos de planificaci\u00f3n territorial articulados a la gesti\u00f3n del riesgo, con la participaci\u00f3n de SEGEPLAN. Adem\u00e1s, se realizaron conversatorios clave sobre:<\/div>\n<\/div>\n<div class=\"x11i5rnm xat24cr x1mh8g0r x1vvkbs xtlvy1s x126k92a\" style=\"text-align: justify;\">\n<div dir=\"auto\">Gobernanza del Riesgo de Desastres<\/div>\n<div dir=\"auto\">Trabajo en Gesti\u00f3n Integral del Riesgo con actores territoriales<\/div>\n<div dir=\"auto\">Enfoques y estrategias para fortalecer la resiliencia municipal<\/div>\n<\/div>\n<div class=\"x11i5rnm xat24cr x1mh8g0r x1vvkbs xtlvy1s x126k92a\">\n<div dir=\"auto\" style=\"text-align: justify;\">La Se\u00f1ora Gobernadora, junto a representantes de municipalidades de Alta Verapaz y Baja Verapaz, participaron en el foro, aportando sus perspectivas y reafirmando el compromiso con el fortalecimiento de la gesti\u00f3n del riesgo en el territorio.<\/div>\n<\/div>\n<p>&nbsp;<\/p>\n<div><\/div>\n","protected":false},"excerpt":{"rendered":"<p>Se ha realizado el Foro de Fortalecimiento de la Gobernanza del Riesgo de Desastres a Nivel Municipal, dirigido por la Coordinadora Nacional para la Reducci\u00f3n de Desastres &#8211; CONRED. Durante el encuentro, se resalt\u00f3 la importancia de los gobiernos locales en la Reducci\u00f3n del Riesgo de Desastres (RRD) y se discutieron los procesos de planificaci\u00f3n [&hellip;]<\/p>\n","protected":false},"author":1,"featured_media":21979,"comment_status":"closed","ping_status":"open","sticky":false,"template":"","format":"gallery","meta":[],"categories":[183],"tags":[178],"_links":{"self":[{"href":"https:\/\/gobernacionaltaverapaz.gob.gt\/index.php?rest_route=\/wp\/v2\/posts\/21989"}],"collection":[{"href":"https:\/\/gobernacionaltaverapaz.gob.gt\/index.php?rest_route=\/wp\/v2\/posts"}],"about":[{"href":"https:\/\/gobernacionaltaverapaz.gob.gt\/index.php?rest_route=\/wp\/v2\/types\/post"}],"author":[{"embeddable":true,"href":"https:\/\/gobernacionaltaverapaz.gob.gt\/index.php?rest_route=\/wp\/v2\/users\/1"}],"replies":[{"embeddable":true,"href":"https:\/\/gobernacionaltaverapaz.gob.gt\/index.php?rest_route=%2Fwp%2Fv2%2Fcomments&post=21989"}],"version-history":[{"count":1,"href":"https:\/\/gobernacionaltaverapaz.gob.gt\/index.php?rest_route=\/wp\/v2\/posts\/21989\/revisions"}],"predecessor-version":[{"id":21990,"href":"https:\/\/gobernacionaltaverapaz.gob.gt\/index.php?rest_route=\/wp\/v2\/posts\/21989\/revisions\/21990"}],"wp:featuredmedia":[{"embeddable":true,"href":"https:\/\/gobernacionaltaverapaz.gob.gt\/index.php?rest_route=\/wp\/v2\/media\/21979"}],"wp:attachment":[{"href":"https:\/\/gobernacionaltaverapaz.gob.gt\/index.php?rest_route=%2Fwp%2Fv2%2Fmedia&parent=21989"}],"wp:term":[{"taxonomy":"category","embeddable":true,"href":"https:\/\/gobernacionaltaverapaz.gob.gt\/index.php?rest_route=%2Fwp%2Fv2%2Fcategories&post=21989"},{"taxonomy":"post_tag","embeddable":true,"href":"https:\/\/gobernacionaltaverapaz.gob.gt\/index.php?rest_route=%2Fwp%2Fv2%2Ftags&post=21989"}],"curies":[{"name":"wp","href":"https:\/\/api.w.org\/{rel}","templated":true}]}}