{"id":21994,"date":"2025-03-18T10:48:22","date_gmt":"2025-03-18T16:48:22","guid":{"rendered":"https:\/\/gobernacionaltaverapaz.gob.gt\/?p=21994"},"modified":"2025-03-25T10:52:00","modified_gmt":"2025-03-25T16:52:00","slug":"avances-en-la-reactivacion-vial-de-alta-verapaz","status":"publish","type":"post","link":"https:\/\/gobernacionaltaverapaz.gob.gt\/?p=21994","title":{"rendered":"Avances en la reactivaci\u00f3n vial de Alta Verapaz"},"content":{"rendered":"<div class=\"x11i5rnm xat24cr x1mh8g0r x1vvkbs xtlvy1s x126k92a\">\n<div dir=\"auto\" style=\"text-align: justify;\">En mesa t\u00e9cnica con autoridades y l\u00edderes comunitarios, se inform\u00f3 que las obras en Pajal-Campur podr\u00edan retomarse pronto, mientras avanzan gestiones para Campur-Valle Verde y Lanqu\u00edn-Cahab\u00f3n. Tambi\u00e9n se analizan soluciones para Campur-Fray Bartolom\u00e9 de las Casas.<\/div>\n<\/div>\n<div class=\"x11i5rnm xat24cr x1mh8g0r x1vvkbs xtlvy1s x126k92a\" style=\"text-align: justify;\">\n<div dir=\"auto\">El CIV reafirma su compromiso con la conectividad y el desarrollo vial. Autoridades locales destacan la importancia de estos avances y su seguimiento.<\/div>\n<\/div>\n<div class=\"x11i5rnm xat24cr x1mh8g0r x1vvkbs xtlvy1s x126k92a\" style=\"text-align: justify;\">\n<div dir=\"auto\">\u00a1Alta Verapaz sigue avanzando! <span class=\"html-span xdj266r x11i5rnm xat24cr x1mh8g0r xexx8yu x4uap5 x18d9i69 xkhd6sd x1hl2dhg x16tdsg8 x1vvkbs\"><a class=\"x1i10hfl xjbqb8w x1ejq31n xd10rxx x1sy0etr x17r0tee x972fbf xcfux6l x1qhh985 xm0m39n x9f619 x1ypdohk xt0psk2 xe8uvvx xdj266r x11i5rnm xat24cr x1mh8g0r xexx8yu x4uap5 x18d9i69 xkhd6sd x16tdsg8 x1hl2dhg xggy1nq x1a2a7pz xkrqix3 x1sur9pj x1fey0fg x1s688f\" tabindex=\"0\" role=\"link\" href=\"https:\/\/www.facebook.com\/hashtag\/elpueblodignoesprimero?__eep__=6&amp;__cft__[0]=AZVCMYXm0mQ3PGPhZHe2fJ21CX3rygzb2VKAXyRxEdtnFlkmSGPGWV88n3IxMb5O08j4rKsgg7lACYRgbxIRnstPoCF_sj8Hk0lv8GUFw5_A3TYih5KMDHGgY0Cwi7bm37Bhc_B-5QbwtyjCxrAs7E7EBl_pxLQBToy1IBa4ARib_5hRlH_hA4_u0qKQrhfJNc8vj4HiCjSCGwpfkDMbj1jGmqBM3nL17pZhqvIcylDuDw&amp;__tn__=*NK-y-R\">#ElPuebloDignoEsPrimero<\/a><\/span><\/div>\n<\/div>\n<div class=\"x11i5rnm xat24cr x1mh8g0r x1vvkbs xtlvy1s x126k92a\" style=\"text-align: justify;\">\n<div dir=\"auto\">M\u00e1s detalles: <span class=\"html-span xdj266r x11i5rnm xat24cr x1mh8g0r xexx8yu x4uap5 x18d9i69 xkhd6sd x1hl2dhg x16tdsg8 x1vvkbs\"><a class=\"x1i10hfl xjbqb8w x1ejq31n xd10rxx x1sy0etr x17r0tee x972fbf xcfux6l x1qhh985 xm0m39n x9f619 x1ypdohk xt0psk2 xe8uvvx xdj266r x11i5rnm xat24cr x1mh8g0r xexx8yu x4uap5 x18d9i69 xkhd6sd x16tdsg8 x1hl2dhg xggy1nq x1a2a7pz xkrqix3 x1sur9pj x1fey0fg x1s688f\" tabindex=\"0\" role=\"link\" href=\"https:\/\/prensa.gob.gt\/comunicado\/dialogo-y-cumplimiento-legal-impulsan-reactivacion-de-proyectos-en-alta-verapaz?fbclid=IwZXh0bgNhZW0CMTAAAR3AilJt9ObI0aDO3mZdZm_KSqm4X9NmuZcBVfOUGU3qeHTbhos-4KFeqAo_aem_0uomqJPLqAnZgfPCtGm8qw\" target=\"_blank\" rel=\"nofollow noopener noreferrer\">https:\/\/prensa.gob.gt\/&#8230;\/dialogo-y-cumplimiento-legal&#8230;<\/a><\/span><\/div>\n<\/div>\n<div class=\"x11i5rnm xat24cr x1mh8g0r x1vvkbs xtlvy1s x126k92a\">\n<div dir=\"auto\" style=\"text-align: justify;\"><span class=\"html-span xdj266r x11i5rnm xat24cr x1mh8g0r xexx8yu x4uap5 x18d9i69 xkhd6sd x1hl2dhg x16tdsg8 x1vvkbs\"><a class=\"x1i10hfl xjbqb8w x1ejq31n xd10rxx x1sy0etr x17r0tee x972fbf xcfux6l x1qhh985 xm0m39n x9f619 x1ypdohk xt0psk2 xe8uvvx xdj266r x11i5rnm xat24cr x1mh8g0r xexx8yu x4uap5 x18d9i69 xkhd6sd x16tdsg8 x1hl2dhg xggy1nq x1a2a7pz xkrqix3 x1sur9pj x1fey0fg x1s688f\" tabindex=\"0\" role=\"link\" href=\"https:\/\/www.facebook.com\/guatemalagob?__cft__[0]=AZVCMYXm0mQ3PGPhZHe2fJ21CX3rygzb2VKAXyRxEdtnFlkmSGPGWV88n3IxMb5O08j4rKsgg7lACYRgbxIRnstPoCF_sj8Hk0lv8GUFw5_A3TYih5KMDHGgY0Cwi7bm37Bhc_B-5QbwtyjCxrAs7E7EBl_pxLQBToy1IBa4ARib_5hRlH_hA4_u0qKQrhfJNc8vj4HiCjSCGwpfkDMbj1jGmqBM3nL17pZhqvIcylDuDw&amp;__tn__=-]K-y-R\"><span class=\"xt0psk2\">Gobierno de Guatemala<\/span><\/a><\/span><\/div>\n<div dir=\"auto\" style=\"text-align: justify;\"><span class=\"html-span xdj266r x11i5rnm xat24cr x1mh8g0r xexx8yu x4uap5 x18d9i69 xkhd6sd x1hl2dhg x16tdsg8 x1vvkbs\"><a class=\"x1i10hfl xjbqb8w x1ejq31n xd10rxx x1sy0etr x17r0tee x972fbf xcfux6l x1qhh985 xm0m39n x9f619 x1ypdohk xt0psk2 xe8uvvx xdj266r x11i5rnm xat24cr x1mh8g0r xexx8yu x4uap5 x18d9i69 xkhd6sd x16tdsg8 x1hl2dhg xggy1nq x1a2a7pz xkrqix3 x1sur9pj x1fey0fg x1s688f\" tabindex=\"0\" role=\"link\" href=\"https:\/\/www.facebook.com\/CanaldeGobiernoGT?__cft__[0]=AZVCMYXm0mQ3PGPhZHe2fJ21CX3rygzb2VKAXyRxEdtnFlkmSGPGWV88n3IxMb5O08j4rKsgg7lACYRgbxIRnstPoCF_sj8Hk0lv8GUFw5_A3TYih5KMDHGgY0Cwi7bm37Bhc_B-5QbwtyjCxrAs7E7EBl_pxLQBToy1IBa4ARib_5hRlH_hA4_u0qKQrhfJNc8vj4HiCjSCGwpfkDMbj1jGmqBM3nL17pZhqvIcylDuDw&amp;__tn__=-]K-y-R\"><span class=\"xt0psk2\">Canal de Gobierno<\/span><\/a><\/span><\/div>\n<div dir=\"auto\" style=\"text-align: justify;\"><span class=\"html-span xdj266r x11i5rnm xat24cr x1mh8g0r xexx8yu x4uap5 x18d9i69 xkhd6sd x1hl2dhg x16tdsg8 x1vvkbs\"><a class=\"x1i10hfl xjbqb8w x1ejq31n xd10rxx x1sy0etr x17r0tee x972fbf xcfux6l x1qhh985 xm0m39n x9f619 x1ypdohk xt0psk2 xe8uvvx xdj266r x11i5rnm xat24cr x1mh8g0r xexx8yu x4uap5 x18d9i69 xkhd6sd x16tdsg8 x1hl2dhg xggy1nq x1a2a7pz xkrqix3 x1sur9pj x1fey0fg x1s688f\" tabindex=\"0\" role=\"link\" href=\"https:\/\/www.facebook.com\/diariodecentroamerica?__cft__[0]=AZVCMYXm0mQ3PGPhZHe2fJ21CX3rygzb2VKAXyRxEdtnFlkmSGPGWV88n3IxMb5O08j4rKsgg7lACYRgbxIRnstPoCF_sj8Hk0lv8GUFw5_A3TYih5KMDHGgY0Cwi7bm37Bhc_B-5QbwtyjCxrAs7E7EBl_pxLQBToy1IBa4ARib_5hRlH_hA4_u0qKQrhfJNc8vj4HiCjSCGwpfkDMbj1jGmqBM3nL17pZhqvIcylDuDw&amp;__tn__=-]K-y-R\"><span class=\"xt0psk2\">Diario De Centro Am\u00e9rica<\/span><\/a><\/span><\/div>\n<div dir=\"auto\" style=\"text-align: justify;\"><span class=\"html-span xdj266r x11i5rnm xat24cr x1mh8g0r xexx8yu x4uap5 x18d9i69 xkhd6sd x1hl2dhg x16tdsg8 x1vvkbs\"><a class=\"x1i10hfl xjbqb8w x1ejq31n xd10rxx x1sy0etr x17r0tee x972fbf xcfux6l x1qhh985 xm0m39n x9f619 x1ypdohk xt0psk2 xe8uvvx xdj266r x11i5rnm xat24cr x1mh8g0r xexx8yu x4uap5 x18d9i69 xkhd6sd x16tdsg8 x1hl2dhg xggy1nq x1a2a7pz xkrqix3 x1sur9pj x1fey0fg x1s688f\" tabindex=\"0\" role=\"link\" href=\"https:\/\/www.facebook.com\/ProvialOficial?__cft__[0]=AZVCMYXm0mQ3PGPhZHe2fJ21CX3rygzb2VKAXyRxEdtnFlkmSGPGWV88n3IxMb5O08j4rKsgg7lACYRgbxIRnstPoCF_sj8Hk0lv8GUFw5_A3TYih5KMDHGgY0Cwi7bm37Bhc_B-5QbwtyjCxrAs7E7EBl_pxLQBToy1IBa4ARib_5hRlH_hA4_u0qKQrhfJNc8vj4HiCjSCGwpfkDMbj1jGmqBM3nL17pZhqvIcylDuDw&amp;__tn__=-]K-y-R\"><span class=\"xt0psk2\">Direcci\u00f3n General de Protecci\u00f3n y Seguridad Vial<\/span><\/a><\/span><\/div>\n<div dir=\"auto\" style=\"text-align: justify;\"><span class=\"html-span xdj266r x11i5rnm xat24cr x1mh8g0r xexx8yu x4uap5 x18d9i69 xkhd6sd x1hl2dhg x16tdsg8 x1vvkbs\"><a class=\"x1i10hfl xjbqb8w x1ejq31n xd10rxx x1sy0etr x17r0tee x972fbf xcfux6l x1qhh985 xm0m39n x9f619 x1ypdohk xt0psk2 xe8uvvx xdj266r x11i5rnm xat24cr x1mh8g0r xexx8yu x4uap5 x18d9i69 xkhd6sd x16tdsg8 x1hl2dhg xggy1nq x1a2a7pz xkrqix3 x1sur9pj x1fey0fg x1s688f\" tabindex=\"0\" role=\"link\" href=\"https:\/\/www.facebook.com\/miguelangeldiazbobadilla?__cft__[0]=AZVCMYXm0mQ3PGPhZHe2fJ21CX3rygzb2VKAXyRxEdtnFlkmSGPGWV88n3IxMb5O08j4rKsgg7lACYRgbxIRnstPoCF_sj8Hk0lv8GUFw5_A3TYih5KMDHGgY0Cwi7bm37Bhc_B-5QbwtyjCxrAs7E7EBl_pxLQBToy1IBa4ARib_5hRlH_hA4_u0qKQrhfJNc8vj4HiCjSCGwpfkDMbj1jGmqBM3nL17pZhqvIcylDuDw&amp;__tn__=-]K-y-R\"><span class=\"xt0psk2\">Miguel \u00c1ngel D\u00edaz<\/span><\/a><\/span><\/div>\n<div dir=\"auto\" style=\"text-align: justify;\"><span class=\"html-span xdj266r x11i5rnm xat24cr x1mh8g0r xexx8yu x4uap5 x18d9i69 xkhd6sd x1hl2dhg x16tdsg8 x1vvkbs\"><a class=\"x1i10hfl xjbqb8w x1ejq31n xd10rxx x1sy0etr x17r0tee x972fbf xcfux6l x1qhh985 xm0m39n x9f619 x1ypdohk xt0psk2 xe8uvvx xdj266r x11i5rnm xat24cr x1mh8g0r xexx8yu x4uap5 x18d9i69 xkhd6sd x16tdsg8 x1hl2dhg xggy1nq x1a2a7pz xkrqix3 x1sur9pj x1fey0fg x1s688f\" tabindex=\"0\" role=\"link\" href=\"https:\/\/www.facebook.com\/RadioTGW?__cft__[0]=AZVCMYXm0mQ3PGPhZHe2fJ21CX3rygzb2VKAXyRxEdtnFlkmSGPGWV88n3IxMb5O08j4rKsgg7lACYRgbxIRnstPoCF_sj8Hk0lv8GUFw5_A3TYih5KMDHGgY0Cwi7bm37Bhc_B-5QbwtyjCxrAs7E7EBl_pxLQBToy1IBa4ARib_5hRlH_hA4_u0qKQrhfJNc8vj4HiCjSCGwpfkDMbj1jGmqBM3nL17pZhqvIcylDuDw&amp;__tn__=-]K-y-R\"><span class=\"xt0psk2\">Radio TGW<\/span><\/a><\/span><\/div>\n<\/div>\n<p>&nbsp;<\/p>\n<p>&nbsp;<\/p>\n<div><\/div>\n","protected":false},"excerpt":{"rendered":"<p>En mesa t\u00e9cnica con autoridades y l\u00edderes comunitarios, se inform\u00f3 que las obras en Pajal-Campur podr\u00edan retomarse pronto, mientras avanzan gestiones para Campur-Valle Verde y Lanqu\u00edn-Cahab\u00f3n. Tambi\u00e9n se analizan soluciones para Campur-Fray Bartolom\u00e9 de las Casas. El CIV reafirma su compromiso con la conectividad y el desarrollo vial. Autoridades locales destacan la importancia de estos [&hellip;]<\/p>\n","protected":false},"author":1,"featured_media":21991,"comment_status":"closed","ping_status":"open","sticky":false,"template":"","format":"gallery","meta":[],"categories":[183],"tags":[178],"_links":{"self":[{"href":"https:\/\/gobernacionaltaverapaz.gob.gt\/index.php?rest_route=\/wp\/v2\/posts\/21994"}],"collection":[{"href":"https:\/\/gobernacionaltaverapaz.gob.gt\/index.php?rest_route=\/wp\/v2\/posts"}],"about":[{"href":"https:\/\/gobernacionaltaverapaz.gob.gt\/index.php?rest_route=\/wp\/v2\/types\/post"}],"author":[{"embeddable":true,"href":"https:\/\/gobernacionaltaverapaz.gob.gt\/index.php?rest_route=\/wp\/v2\/users\/1"}],"replies":[{"embeddable":true,"href":"https:\/\/gobernacionaltaverapaz.gob.gt\/index.php?rest_route=%2Fwp%2Fv2%2Fcomments&post=21994"}],"version-history":[{"count":1,"href":"https:\/\/gobernacionaltaverapaz.gob.gt\/index.php?rest_route=\/wp\/v2\/posts\/21994\/revisions"}],"predecessor-version":[{"id":21995,"href":"https:\/\/gobernacionaltaverapaz.gob.gt\/index.php?rest_route=\/wp\/v2\/posts\/21994\/revisions\/21995"}],"wp:featuredmedia":[{"embeddable":true,"href":"https:\/\/gobernacionaltaverapaz.gob.gt\/index.php?rest_route=\/wp\/v2\/media\/21991"}],"wp:attachment":[{"href":"https:\/\/gobernacionaltaverapaz.gob.gt\/index.php?rest_route=%2Fwp%2Fv2%2Fmedia&parent=21994"}],"wp:term":[{"taxonomy":"category","embeddable":true,"href":"https:\/\/gobernacionaltaverapaz.gob.gt\/index.php?rest_route=%2Fwp%2Fv2%2Fcategories&post=21994"},{"taxonomy":"post_tag","embeddable":true,"href":"https:\/\/gobernacionaltaverapaz.gob.gt\/index.php?rest_route=%2Fwp%2Fv2%2Ftags&post=21994"}],"curies":[{"name":"wp","href":"https:\/\/api.w.org\/{rel}","templated":true}]}}