{"id":22012,"date":"2025-03-19T21:01:10","date_gmt":"2025-03-20T03:01:10","guid":{"rendered":"https:\/\/gobernacionaltaverapaz.gob.gt\/?p=22012"},"modified":"2025-03-25T11:08:17","modified_gmt":"2025-03-25T17:08:17","slug":"senor-presidente-bernardo-arevalo-anuncia-acuerdos-sobre-seguro-obligatorio","status":"publish","type":"post","link":"https:\/\/gobernacionaltaverapaz.gob.gt\/?p=22012","title":{"rendered":"Se\u00f1or Presidente Bernardo Ar\u00e9valo anuncia acuerdos sobre seguro obligatorio"},"content":{"rendered":"<div class=\"xdj266r x11i5rnm xat24cr x1mh8g0r x1vvkbs x126k92a\">\n<div dir=\"auto\" style=\"text-align: justify;\">El se\u00f1or Presidente Bernardo Ar\u00e9valo anuncia acuerdos sobre seguro obligatorio<\/div>\n<\/div>\n<div class=\"x11i5rnm xat24cr x1mh8g0r x1vvkbs xtlvy1s x126k92a\" style=\"text-align: justify;\">\n<div dir=\"auto\">El Presidente inform\u00f3 que en la mesa de di\u00e1logo de este d\u00eda se alcanzaron los siguientes acuerdos:<\/div>\n<div dir=\"auto\"><\/div>\n<\/div>\n<div class=\"x11i5rnm xat24cr x1mh8g0r x1vvkbs xtlvy1s x126k92a\" style=\"text-align: justify;\">\n<div dir=\"auto\">La implementaci\u00f3n del seguro obligatorio se postergar\u00e1 por un a\u00f1o.<\/div>\n<\/div>\n<div class=\"x11i5rnm xat24cr x1mh8g0r x1vvkbs xtlvy1s x126k92a\" style=\"text-align: justify;\">\n<div dir=\"auto\">Se trabajar\u00e1 una iniciativa de ley para regular el tema del transporte.<\/div>\n<\/div>\n<div class=\"x11i5rnm xat24cr x1mh8g0r x1vvkbs xtlvy1s x126k92a\" style=\"text-align: justify;\">\n<div dir=\"auto\">Se buscar\u00e1n mecanismos para que la medida funcione de la mejor manera.<\/div>\n<\/div>\n<div class=\"x11i5rnm xat24cr x1mh8g0r x1vvkbs xtlvy1s x126k92a\" style=\"text-align: justify;\">\n<div dir=\"auto\">Adem\u00e1s, anunci\u00f3 que los acuerdos gubernativos presentados esta semana quedan derogados, por lo que el plazo de 45 d\u00edas para su entrada en vigencia queda suspendido.<\/div>\n<div dir=\"auto\"><\/div>\n<\/div>\n<div class=\"x11i5rnm xat24cr x1mh8g0r x1vvkbs xtlvy1s x126k92a\">\n<div dir=\"auto\" style=\"text-align: justify;\">Estos acuerdos buscan restablecer el orden y permitir el cese de los bloqueos.<\/div>\n<\/div>\n<p>&nbsp;<\/p>\n<p><a href=\"https:\/\/www.facebook.com\/GobernacionAV\/posts\/pfbid0KGDWusnn3tfZYPHRvMLWaQ7MJveRGYmRYZQijW3Jj4cUiMwPKMUjKtR2NjeY6HpFl?__cft__[0]=AZXvy3zRN33Mb_p6H-EmwmxODgQNmfk6fjo1hbOyiCNl8anMMmBoDstRbgX8wteTbeueN0smykW_RI8JyweVwBmB2W-yxQ-njiOJJKfqJ7j3Zn5RwxDe0eBxYCYJjk_s7LwT9mDp0PAP4MdMoSwkXYjUWbMZqSWmBjihI06aw7Y0l4sx1tLfHEjrwJ2AVXfuxHdP98TxtJV2_HxlOnDQQzfv6ykzmg-e17_q0WgOjWezYg&amp;__tn__=%2CO%2CP-R\"><img decoding=\"async\" loading=\"lazy\" class=\"alignnone wp-image-22013 size-full\" title=\"Ver video en Facebook\" src=\"https:\/\/gobernacionaltaverapaz.gob.gt\/wp-content\/uploads\/2025\/03\/01-32.gif\" alt=\"\" width=\"900\" height=\"600\" \/><\/a><\/p>\n","protected":false},"excerpt":{"rendered":"<p>El se\u00f1or Presidente Bernardo Ar\u00e9valo anuncia acuerdos sobre seguro obligatorio El Presidente inform\u00f3 que en la mesa de di\u00e1logo de este d\u00eda se alcanzaron los siguientes acuerdos: La implementaci\u00f3n del seguro obligatorio se postergar\u00e1 por un a\u00f1o. Se trabajar\u00e1 una iniciativa de ley para regular el tema del transporte. Se buscar\u00e1n mecanismos para que la [&hellip;]<\/p>\n","protected":false},"author":1,"featured_media":22014,"comment_status":"closed","ping_status":"open","sticky":false,"template":"","format":"video","meta":[],"categories":[183],"tags":[178],"_links":{"self":[{"href":"https:\/\/gobernacionaltaverapaz.gob.gt\/index.php?rest_route=\/wp\/v2\/posts\/22012"}],"collection":[{"href":"https:\/\/gobernacionaltaverapaz.gob.gt\/index.php?rest_route=\/wp\/v2\/posts"}],"about":[{"href":"https:\/\/gobernacionaltaverapaz.gob.gt\/index.php?rest_route=\/wp\/v2\/types\/post"}],"author":[{"embeddable":true,"href":"https:\/\/gobernacionaltaverapaz.gob.gt\/index.php?rest_route=\/wp\/v2\/users\/1"}],"replies":[{"embeddable":true,"href":"https:\/\/gobernacionaltaverapaz.gob.gt\/index.php?rest_route=%2Fwp%2Fv2%2Fcomments&post=22012"}],"version-history":[{"count":2,"href":"https:\/\/gobernacionaltaverapaz.gob.gt\/index.php?rest_route=\/wp\/v2\/posts\/22012\/revisions"}],"predecessor-version":[{"id":22016,"href":"https:\/\/gobernacionaltaverapaz.gob.gt\/index.php?rest_route=\/wp\/v2\/posts\/22012\/revisions\/22016"}],"wp:featuredmedia":[{"embeddable":true,"href":"https:\/\/gobernacionaltaverapaz.gob.gt\/index.php?rest_route=\/wp\/v2\/media\/22014"}],"wp:attachment":[{"href":"https:\/\/gobernacionaltaverapaz.gob.gt\/index.php?rest_route=%2Fwp%2Fv2%2Fmedia&parent=22012"}],"wp:term":[{"taxonomy":"category","embeddable":true,"href":"https:\/\/gobernacionaltaverapaz.gob.gt\/index.php?rest_route=%2Fwp%2Fv2%2Fcategories&post=22012"},{"taxonomy":"post_tag","embeddable":true,"href":"https:\/\/gobernacionaltaverapaz.gob.gt\/index.php?rest_route=%2Fwp%2Fv2%2Ftags&post=22012"}],"curies":[{"name":"wp","href":"https:\/\/api.w.org\/{rel}","templated":true}]}}