{"id":22026,"date":"2025-03-20T15:28:56","date_gmt":"2025-03-20T21:28:56","guid":{"rendered":"https:\/\/gobernacionaltaverapaz.gob.gt\/?p=22026"},"modified":"2025-03-25T11:15:29","modified_gmt":"2025-03-25T17:15:29","slug":"conmemoracion-del-dia-mundial-de-la-tuberculosis","status":"publish","type":"post","link":"https:\/\/gobernacionaltaverapaz.gob.gt\/?p=22026","title":{"rendered":"Conmemoraci\u00f3n del D\u00eda Mundial de la Tuberculosis"},"content":{"rendered":"<div class=\"xdj266r x11i5rnm xat24cr x1mh8g0r x1vvkbs x126k92a\">\n<div dir=\"auto\" style=\"text-align: justify;\">En conmemoraci\u00f3n del D\u00eda Mundial de la Tuberculosis, se llev\u00f3 a cabo una conferencia de prensa realizada en el Sal\u00f3n de las Am\u00e9ricas, en donde se presentaron datos actualizados sobre la incidencia de la tuberculosis en el departamento. Resaltaron la importancia de los m\u00e9todos de diagn\u00f3stico temprano para interrumpir la cadena de transmisi\u00f3n.<\/div>\n<\/div>\n<div class=\"x11i5rnm xat24cr x1mh8g0r x1vvkbs xtlvy1s x126k92a\" style=\"text-align: justify;\">\n<div dir=\"auto\">Las instituciones participantes hicieron un llamado a la acci\u00f3n para continuar con los esfuerzos en la lucha contra la tuberculosis y garantizar el acceso a servicios de salud oportunos y efectivos.<\/div>\n<\/div>\n<div class=\"x11i5rnm xat24cr x1mh8g0r x1vvkbs xtlvy1s x126k92a\">\n<div dir=\"auto\" style=\"text-align: justify;\">\u00a1Juntos podemos erradicar la tuberculosis!<\/div>\n<\/div>\n<p>&nbsp;<\/p>\n<div><\/div>\n","protected":false},"excerpt":{"rendered":"<p>En conmemoraci\u00f3n del D\u00eda Mundial de la Tuberculosis, se llev\u00f3 a cabo una conferencia de prensa realizada en el Sal\u00f3n de las Am\u00e9ricas, en donde se presentaron datos actualizados sobre la incidencia de la tuberculosis en el departamento. Resaltaron la importancia de los m\u00e9todos de diagn\u00f3stico temprano para interrumpir la cadena de transmisi\u00f3n. Las instituciones [&hellip;]<\/p>\n","protected":false},"author":1,"featured_media":22017,"comment_status":"closed","ping_status":"open","sticky":false,"template":"","format":"gallery","meta":[],"categories":[183,5],"tags":[178],"_links":{"self":[{"href":"https:\/\/gobernacionaltaverapaz.gob.gt\/index.php?rest_route=\/wp\/v2\/posts\/22026"}],"collection":[{"href":"https:\/\/gobernacionaltaverapaz.gob.gt\/index.php?rest_route=\/wp\/v2\/posts"}],"about":[{"href":"https:\/\/gobernacionaltaverapaz.gob.gt\/index.php?rest_route=\/wp\/v2\/types\/post"}],"author":[{"embeddable":true,"href":"https:\/\/gobernacionaltaverapaz.gob.gt\/index.php?rest_route=\/wp\/v2\/users\/1"}],"replies":[{"embeddable":true,"href":"https:\/\/gobernacionaltaverapaz.gob.gt\/index.php?rest_route=%2Fwp%2Fv2%2Fcomments&post=22026"}],"version-history":[{"count":1,"href":"https:\/\/gobernacionaltaverapaz.gob.gt\/index.php?rest_route=\/wp\/v2\/posts\/22026\/revisions"}],"predecessor-version":[{"id":22027,"href":"https:\/\/gobernacionaltaverapaz.gob.gt\/index.php?rest_route=\/wp\/v2\/posts\/22026\/revisions\/22027"}],"wp:featuredmedia":[{"embeddable":true,"href":"https:\/\/gobernacionaltaverapaz.gob.gt\/index.php?rest_route=\/wp\/v2\/media\/22017"}],"wp:attachment":[{"href":"https:\/\/gobernacionaltaverapaz.gob.gt\/index.php?rest_route=%2Fwp%2Fv2%2Fmedia&parent=22026"}],"wp:term":[{"taxonomy":"category","embeddable":true,"href":"https:\/\/gobernacionaltaverapaz.gob.gt\/index.php?rest_route=%2Fwp%2Fv2%2Fcategories&post=22026"},{"taxonomy":"post_tag","embeddable":true,"href":"https:\/\/gobernacionaltaverapaz.gob.gt\/index.php?rest_route=%2Fwp%2Fv2%2Ftags&post=22026"}],"curies":[{"name":"wp","href":"https:\/\/api.w.org\/{rel}","templated":true}]}}