{"id":22034,"date":"2025-03-21T09:25:45","date_gmt":"2025-03-21T15:25:45","guid":{"rendered":"https:\/\/gobernacionaltaverapaz.gob.gt\/?p=22034"},"modified":"2025-03-25T12:45:18","modified_gmt":"2025-03-25T18:45:18","slug":"apoyo-a-la-educacion","status":"publish","type":"post","link":"https:\/\/gobernacionaltaverapaz.gob.gt\/?p=22034","title":{"rendered":"Apoyo a la Educaci\u00f3n"},"content":{"rendered":"<div class=\"xdj266r x11i5rnm xat24cr x1mh8g0r x1vvkbs x126k92a\">\n<div dir=\"auto\" style=\"text-align: justify;\">La Direcci\u00f3n Departamental de Educaci\u00f3n de Alta Verapaz ha demostrado su efectividad y capacidad de respuesta ante las necesidades del sistema educativo en el territorio.<\/div>\n<div dir=\"auto\" style=\"text-align: justify;\"><\/div>\n<\/div>\n<div class=\"x11i5rnm xat24cr x1mh8g0r x1vvkbs xtlvy1s x126k92a\" style=\"text-align: justify;\">\n<div dir=\"auto\">Ante la reciente situaci\u00f3n que se present\u00f3 el 12 de marzo en la Escuela Oficial Rural Mixta de la Aldea Baleu, San Crist\u00f3bal Verapaz, donde madres y padres de familia exig\u00edan la presencia de maestros para sus hijos e hijas, la Direcci\u00f3n Departamental, en coordinaci\u00f3n con el Ministerio de Educaci\u00f3n, actu\u00f3 con prontitud y compromiso.<\/div>\n<\/div>\n<div class=\"x11i5rnm xat24cr x1mh8g0r x1vvkbs xtlvy1s x126k92a\" style=\"text-align: justify;\">\n<div dir=\"auto\">Tras el di\u00e1logo con la comunidad, se ofreci\u00f3 la contrataci\u00f3n urgente de tres docentes.<\/div>\n<div dir=\"auto\">El d\u00eda 13 de marzo, los maestros comenzaron labores, garantizando el derecho a la educaci\u00f3n de m\u00e1s de 300 ni\u00f1as y ni\u00f1os del nivel primario.<\/div>\n<div dir=\"auto\">Como parte del seguimiento a los acuerdos, ayer jueves 20 de marzo de 2025, se notific\u00f3 la preselecci\u00f3n de seis docentes m\u00e1s, quienes se presentaron a la Coordinaci\u00f3n Distrital de San Crist\u00f3bal Verapaz para aceptar su contrataci\u00f3n.<\/div>\n<\/div>\n<div class=\"x11i5rnm xat24cr x1mh8g0r x1vvkbs xtlvy1s x126k92a\" style=\"text-align: justify;\">\n<div dir=\"auto\">Este logro fue posible gracias al esfuerzo articulado entre autoridades educativas, l\u00edderes comunitarios y el compromiso del Director Departamental de Educaci\u00f3n Anibal Alfonzo Ju\u00e1rez Sierra.<\/div>\n<\/div>\n<div class=\"x11i5rnm xat24cr x1mh8g0r x1vvkbs xtlvy1s x126k92a\">\n<div dir=\"auto\" style=\"text-align: justify;\"><\/div>\n<div dir=\"auto\" style=\"text-align: justify;\">\u00a1La educaci\u00f3n no se detiene cuando hay voluntad de servir!<\/div>\n<div dir=\"auto\" style=\"text-align: justify;\"><\/div>\n<div dir=\"auto\" style=\"text-align: justify;\">En Alta Verapaz, el Gobierno de Guatemala contin\u00faa trabajando por una educaci\u00f3n digna, accesible y de calidad para todas y todos.<\/div>\n<\/div>\n<p>&nbsp;<\/p>\n<p><img decoding=\"async\" loading=\"lazy\" class=\"alignnone size-full wp-image-22035\" src=\"https:\/\/gobernacionaltaverapaz.gob.gt\/wp-content\/uploads\/2025\/03\/01-35.gif\" alt=\"\" width=\"900\" height=\"600\" \/><\/p>\n","protected":false},"excerpt":{"rendered":"<p>La Direcci\u00f3n Departamental de Educaci\u00f3n de Alta Verapaz ha demostrado su efectividad y capacidad de respuesta ante las necesidades del sistema educativo en el territorio. Ante la reciente situaci\u00f3n que se present\u00f3 el 12 de marzo en la Escuela Oficial Rural Mixta de la Aldea Baleu, San Crist\u00f3bal Verapaz, donde madres y padres de familia [&hellip;]<\/p>\n","protected":false},"author":1,"featured_media":22037,"comment_status":"closed","ping_status":"open","sticky":false,"template":"","format":"gallery","meta":[],"categories":[2],"tags":[178],"_links":{"self":[{"href":"https:\/\/gobernacionaltaverapaz.gob.gt\/index.php?rest_route=\/wp\/v2\/posts\/22034"}],"collection":[{"href":"https:\/\/gobernacionaltaverapaz.gob.gt\/index.php?rest_route=\/wp\/v2\/posts"}],"about":[{"href":"https:\/\/gobernacionaltaverapaz.gob.gt\/index.php?rest_route=\/wp\/v2\/types\/post"}],"author":[{"embeddable":true,"href":"https:\/\/gobernacionaltaverapaz.gob.gt\/index.php?rest_route=\/wp\/v2\/users\/1"}],"replies":[{"embeddable":true,"href":"https:\/\/gobernacionaltaverapaz.gob.gt\/index.php?rest_route=%2Fwp%2Fv2%2Fcomments&post=22034"}],"version-history":[{"count":2,"href":"https:\/\/gobernacionaltaverapaz.gob.gt\/index.php?rest_route=\/wp\/v2\/posts\/22034\/revisions"}],"predecessor-version":[{"id":22039,"href":"https:\/\/gobernacionaltaverapaz.gob.gt\/index.php?rest_route=\/wp\/v2\/posts\/22034\/revisions\/22039"}],"wp:featuredmedia":[{"embeddable":true,"href":"https:\/\/gobernacionaltaverapaz.gob.gt\/index.php?rest_route=\/wp\/v2\/media\/22037"}],"wp:attachment":[{"href":"https:\/\/gobernacionaltaverapaz.gob.gt\/index.php?rest_route=%2Fwp%2Fv2%2Fmedia&parent=22034"}],"wp:term":[{"taxonomy":"category","embeddable":true,"href":"https:\/\/gobernacionaltaverapaz.gob.gt\/index.php?rest_route=%2Fwp%2Fv2%2Fcategories&post=22034"},{"taxonomy":"post_tag","embeddable":true,"href":"https:\/\/gobernacionaltaverapaz.gob.gt\/index.php?rest_route=%2Fwp%2Fv2%2Ftags&post=22034"}],"curies":[{"name":"wp","href":"https:\/\/api.w.org\/{rel}","templated":true}]}}