{"id":22055,"date":"2025-03-22T16:07:13","date_gmt":"2025-03-22T22:07:13","guid":{"rendered":"https:\/\/gobernacionaltaverapaz.gob.gt\/?p=22055"},"modified":"2025-03-25T12:59:08","modified_gmt":"2025-03-25T18:59:08","slug":"simulacro-de-inundacion-en-las-colonias-san-vicente-e-israel-zona-6-de-coban","status":"publish","type":"post","link":"https:\/\/gobernacionaltaverapaz.gob.gt\/?p=22055","title":{"rendered":"Simulacro de inundaci\u00f3n en las colonias San Vicente e Israel, zona 6 de Cob\u00e1n"},"content":{"rendered":"<div class=\"xdj266r x11i5rnm xat24cr x1mh8g0r x1vvkbs x126k92a\">\n<div dir=\"auto\" style=\"text-align: justify;\">Este s\u00e1bado 22 de marzo, la Gobernaci\u00f3n Departamental de Alta Verapaz y la Secretar\u00eda Ejecutiva de la CONRED, lideraron un simulacro de inundaci\u00f3n en las colonias San Vicente e Israel, zona 6 de Cob\u00e1n, como parte del fortalecimiento de las Coordinadoras Locales para la Reducci\u00f3n de Desastres (COLRED).<\/div>\n<\/div>\n<div class=\"x11i5rnm xat24cr x1mh8g0r x1vvkbs xtlvy1s x126k92a\" style=\"text-align: justify;\">\n<div dir=\"auto\">Esta acci\u00f3n forma parte del Proyecto de Sistemas de Alerta Temprana y Manejo de Desastres, con el valioso apoyo de la Rep\u00fablica de Taiw\u00e1n , y cont\u00f3 con la participaci\u00f3n activa de instituciones como los Bomberos Voluntarios de Cob\u00e1n, PMT, PNC, SOSEP, \u00c1rea de Salud y estudiantes del Liceo San Benito.<\/div>\n<\/div>\n<div class=\"x11i5rnm xat24cr x1mh8g0r x1vvkbs xtlvy1s x126k92a\" style=\"text-align: justify;\">\n<div dir=\"auto\">El simulacro puso a prueba los Planes Locales de Respuesta, incluyendo procedimientos de alerta, evacuaci\u00f3n, primeros auxilios, b\u00fasqueda y albergue. Previo al ejercicio, las COLRED fueron capacitadas por instituciones clave, fortaleciendo sus habilidades en primeros auxilios, seguridad ciudadana, administraci\u00f3n de albergues y gesti\u00f3n sanitaria.<\/div>\n<\/div>\n<div class=\"x11i5rnm xat24cr x1mh8g0r x1vvkbs xtlvy1s x126k92a\">\n<div dir=\"auto\" style=\"text-align: justify;\">Al finalizar, se realiz\u00f3 la juramentaci\u00f3n y acreditaci\u00f3n oficial de las COLRED de San Vicente e Israel, con la presencia de la Gobernadora Departamental, quien reafirm\u00f3 su compromiso con la prevenci\u00f3n y la preparaci\u00f3n comunitaria ante desastres.<\/div>\n<div dir=\"auto\" style=\"text-align: justify;\">Este esfuerzo coordinado demuestra que la preparaci\u00f3n salva vidas y que la gesti\u00f3n del riesgo es tarea de todos.<\/div>\n<\/div>\n<p>&nbsp;<\/p>\n<div><\/div>\n","protected":false},"excerpt":{"rendered":"<p>Este s\u00e1bado 22 de marzo, la Gobernaci\u00f3n Departamental de Alta Verapaz y la Secretar\u00eda Ejecutiva de la CONRED, lideraron un simulacro de inundaci\u00f3n en las colonias San Vicente e Israel, zona 6 de Cob\u00e1n, como parte del fortalecimiento de las Coordinadoras Locales para la Reducci\u00f3n de Desastres (COLRED). Esta acci\u00f3n forma parte del Proyecto de [&hellip;]<\/p>\n","protected":false},"author":1,"featured_media":22040,"comment_status":"closed","ping_status":"open","sticky":false,"template":"","format":"gallery","meta":[],"categories":[183],"tags":[178],"_links":{"self":[{"href":"https:\/\/gobernacionaltaverapaz.gob.gt\/index.php?rest_route=\/wp\/v2\/posts\/22055"}],"collection":[{"href":"https:\/\/gobernacionaltaverapaz.gob.gt\/index.php?rest_route=\/wp\/v2\/posts"}],"about":[{"href":"https:\/\/gobernacionaltaverapaz.gob.gt\/index.php?rest_route=\/wp\/v2\/types\/post"}],"author":[{"embeddable":true,"href":"https:\/\/gobernacionaltaverapaz.gob.gt\/index.php?rest_route=\/wp\/v2\/users\/1"}],"replies":[{"embeddable":true,"href":"https:\/\/gobernacionaltaverapaz.gob.gt\/index.php?rest_route=%2Fwp%2Fv2%2Fcomments&post=22055"}],"version-history":[{"count":1,"href":"https:\/\/gobernacionaltaverapaz.gob.gt\/index.php?rest_route=\/wp\/v2\/posts\/22055\/revisions"}],"predecessor-version":[{"id":22056,"href":"https:\/\/gobernacionaltaverapaz.gob.gt\/index.php?rest_route=\/wp\/v2\/posts\/22055\/revisions\/22056"}],"wp:featuredmedia":[{"embeddable":true,"href":"https:\/\/gobernacionaltaverapaz.gob.gt\/index.php?rest_route=\/wp\/v2\/media\/22040"}],"wp:attachment":[{"href":"https:\/\/gobernacionaltaverapaz.gob.gt\/index.php?rest_route=%2Fwp%2Fv2%2Fmedia&parent=22055"}],"wp:term":[{"taxonomy":"category","embeddable":true,"href":"https:\/\/gobernacionaltaverapaz.gob.gt\/index.php?rest_route=%2Fwp%2Fv2%2Fcategories&post=22055"},{"taxonomy":"post_tag","embeddable":true,"href":"https:\/\/gobernacionaltaverapaz.gob.gt\/index.php?rest_route=%2Fwp%2Fv2%2Ftags&post=22055"}],"curies":[{"name":"wp","href":"https:\/\/api.w.org\/{rel}","templated":true}]}}