{"id":22061,"date":"2025-03-23T07:45:56","date_gmt":"2025-03-23T13:45:56","guid":{"rendered":"https:\/\/gobernacionaltaverapaz.gob.gt\/?p=22061"},"modified":"2025-03-26T01:31:39","modified_gmt":"2025-03-26T07:31:39","slug":"reunion-de-trabajo-con-la-senora-gobernadora-departamental","status":"publish","type":"post","link":"https:\/\/gobernacionaltaverapaz.gob.gt\/?p=22061","title":{"rendered":"Reuni\u00f3n de trabajo con la se\u00f1ora Gobernadora Departamental"},"content":{"rendered":"<div dir=\"auto\" style=\"text-align: justify;\">La Comisar\u00eda 51 de Alta Verapaz, bajo la direcci\u00f3n del Comisario Julio L\u00f3pez Hern\u00e1ndez, sostuvo este s\u00e1bado 22 de marzo de 2025 en horas de la noche una reuni\u00f3n de trabajo con la se\u00f1ora Gobernadora Departamental, con el objetivo de fortalecer las acciones de seguridad en el departamento.<\/div>\n<div dir=\"auto\" style=\"text-align: justify;\">Durante el encuentro, se abordaron temas prioritarios para mejorar la operatividad de la fuerza policial en las zonas m\u00e1s conflictivas del casco urbano de Cob\u00e1n y en diferentes zonas del departamento. Se destacaron los siguientes puntos:<\/div>\n<div dir=\"auto\" style=\"text-align: justify;\">Refuerzo de operativos en \u00e1reas vulnerables.<\/div>\n<div dir=\"auto\" style=\"text-align: justify;\">Coordinaci\u00f3n conjunta interinstitucional para operativos en negocios que expendan bebidas alcoh\u00f3licas.<\/div>\n<div dir=\"auto\" style=\"text-align: justify;\">Acciones enfocadas en la prevenci\u00f3n de delitos contra la vida.<\/div>\n<div dir=\"auto\" style=\"text-align: justify;\">Trabajo interinstitucional para agilizar capturas de personas que cometan hechos delictivos.<\/div>\n<div dir=\"auto\" style=\"text-align: justify;\">El objetivo es brindar una seguridad eficaz a la poblaci\u00f3n y fortalecer la confianza ciudadana en las instituciones.<\/div>\n<div dir=\"auto\" style=\"text-align: justify;\">La Comisar\u00eda 51 reafirma su compromiso de seguir trabajando de forma articulada para garantizar la tranquilidad de todas y todos los vecinos de Alta Verapaz.<\/div>\n<p>&nbsp;<\/p>\n<p>&nbsp;<\/p>\n<div><\/div>\n","protected":false},"excerpt":{"rendered":"<p>La Comisar\u00eda 51 de Alta Verapaz, bajo la direcci\u00f3n del Comisario Julio L\u00f3pez Hern\u00e1ndez, sostuvo este s\u00e1bado 22 de marzo de 2025 en horas de la noche una reuni\u00f3n de trabajo con la se\u00f1ora Gobernadora Departamental, con el objetivo de fortalecer las acciones de seguridad en el departamento. Durante el encuentro, se abordaron temas prioritarios [&hellip;]<\/p>\n","protected":false},"author":1,"featured_media":22057,"comment_status":"closed","ping_status":"open","sticky":false,"template":"","format":"gallery","meta":[],"categories":[183,185],"tags":[178],"_links":{"self":[{"href":"https:\/\/gobernacionaltaverapaz.gob.gt\/index.php?rest_route=\/wp\/v2\/posts\/22061"}],"collection":[{"href":"https:\/\/gobernacionaltaverapaz.gob.gt\/index.php?rest_route=\/wp\/v2\/posts"}],"about":[{"href":"https:\/\/gobernacionaltaverapaz.gob.gt\/index.php?rest_route=\/wp\/v2\/types\/post"}],"author":[{"embeddable":true,"href":"https:\/\/gobernacionaltaverapaz.gob.gt\/index.php?rest_route=\/wp\/v2\/users\/1"}],"replies":[{"embeddable":true,"href":"https:\/\/gobernacionaltaverapaz.gob.gt\/index.php?rest_route=%2Fwp%2Fv2%2Fcomments&post=22061"}],"version-history":[{"count":1,"href":"https:\/\/gobernacionaltaverapaz.gob.gt\/index.php?rest_route=\/wp\/v2\/posts\/22061\/revisions"}],"predecessor-version":[{"id":22062,"href":"https:\/\/gobernacionaltaverapaz.gob.gt\/index.php?rest_route=\/wp\/v2\/posts\/22061\/revisions\/22062"}],"wp:featuredmedia":[{"embeddable":true,"href":"https:\/\/gobernacionaltaverapaz.gob.gt\/index.php?rest_route=\/wp\/v2\/media\/22057"}],"wp:attachment":[{"href":"https:\/\/gobernacionaltaverapaz.gob.gt\/index.php?rest_route=%2Fwp%2Fv2%2Fmedia&parent=22061"}],"wp:term":[{"taxonomy":"category","embeddable":true,"href":"https:\/\/gobernacionaltaverapaz.gob.gt\/index.php?rest_route=%2Fwp%2Fv2%2Fcategories&post=22061"},{"taxonomy":"post_tag","embeddable":true,"href":"https:\/\/gobernacionaltaverapaz.gob.gt\/index.php?rest_route=%2Fwp%2Fv2%2Ftags&post=22061"}],"curies":[{"name":"wp","href":"https:\/\/api.w.org\/{rel}","templated":true}]}}