{"id":22072,"date":"2025-03-25T16:07:49","date_gmt":"2025-03-25T22:07:49","guid":{"rendered":"https:\/\/gobernacionaltaverapaz.gob.gt\/?p=22072"},"modified":"2025-03-26T02:05:55","modified_gmt":"2025-03-26T08:05:55","slug":"reaperturacion-de-la-subestacion-51-3-3-de-la-policia-nacional-civil-en-campur-san-pedro-carcha","status":"publish","type":"post","link":"https:\/\/gobernacionaltaverapaz.gob.gt\/?p=22072","title":{"rendered":"Reapertura Subestaci\u00f3n 51-3-3 de la Polic\u00eda Nacional Civil en Campur, San Pedro Carch\u00e1"},"content":{"rendered":"<div class=\"xdj266r x11i5rnm xat24cr x1mh8g0r x1vvkbs x126k92a\"><\/div>\n<div class=\"xdj266r x11i5rnm xat24cr x1mh8g0r x1vvkbs x126k92a\">\n<div dir=\"auto\" style=\"text-align: justify;\">Despu\u00e9s de 20 a\u00f1os sin presencia policial permanente, este 25 de marzo se reapertur\u00f3 la Subestaci\u00f3n 51-3-3 de la Polic\u00eda Nacional Civil en Campur, San Pedro Carch\u00e1.<\/div>\n<\/div>\n<div class=\"x11i5rnm xat24cr x1mh8g0r x1vvkbs xtlvy1s x126k92a\" style=\"text-align: justify;\">\n<div dir=\"auto\">En Coordinaci\u00f3n con la Gobernaci\u00f3n Departamental de Alta Verapaz, PNC y autoridades locales, se brindar\u00e1 seguridad y atenci\u00f3n directa a la poblaci\u00f3n, con respaldo de unidades especializadas.<\/div>\n<\/div>\n<div class=\"x11i5rnm xat24cr x1mh8g0r x1vvkbs xtlvy1s x126k92a\">\n<div dir=\"auto\" style=\"text-align: justify;\">Esta acci\u00f3n reafirma el compromiso de llevar presencia del Estado a donde m\u00e1s se necesita. Porque un pueblo digno merece vivir seguro.<\/div>\n<\/div>\n<div dir=\"auto\"><\/div>\n<div dir=\"auto\"><\/div>\n<div dir=\"auto\"><\/div>\n<div><\/div>\n","protected":false},"excerpt":{"rendered":"<p>Despu\u00e9s de 20 a\u00f1os sin presencia policial permanente, este 25 de marzo se reapertur\u00f3 la Subestaci\u00f3n 51-3-3 de la Polic\u00eda Nacional Civil en Campur, San Pedro Carch\u00e1. En Coordinaci\u00f3n con la Gobernaci\u00f3n Departamental de Alta Verapaz, PNC y autoridades locales, se brindar\u00e1 seguridad y atenci\u00f3n directa a la poblaci\u00f3n, con respaldo de unidades especializadas. Esta [&hellip;]<\/p>\n","protected":false},"author":1,"featured_media":22063,"comment_status":"closed","ping_status":"open","sticky":false,"template":"","format":"gallery","meta":[],"categories":[183,197],"tags":[178],"_links":{"self":[{"href":"https:\/\/gobernacionaltaverapaz.gob.gt\/index.php?rest_route=\/wp\/v2\/posts\/22072"}],"collection":[{"href":"https:\/\/gobernacionaltaverapaz.gob.gt\/index.php?rest_route=\/wp\/v2\/posts"}],"about":[{"href":"https:\/\/gobernacionaltaverapaz.gob.gt\/index.php?rest_route=\/wp\/v2\/types\/post"}],"author":[{"embeddable":true,"href":"https:\/\/gobernacionaltaverapaz.gob.gt\/index.php?rest_route=\/wp\/v2\/users\/1"}],"replies":[{"embeddable":true,"href":"https:\/\/gobernacionaltaverapaz.gob.gt\/index.php?rest_route=%2Fwp%2Fv2%2Fcomments&post=22072"}],"version-history":[{"count":5,"href":"https:\/\/gobernacionaltaverapaz.gob.gt\/index.php?rest_route=\/wp\/v2\/posts\/22072\/revisions"}],"predecessor-version":[{"id":22078,"href":"https:\/\/gobernacionaltaverapaz.gob.gt\/index.php?rest_route=\/wp\/v2\/posts\/22072\/revisions\/22078"}],"wp:featuredmedia":[{"embeddable":true,"href":"https:\/\/gobernacionaltaverapaz.gob.gt\/index.php?rest_route=\/wp\/v2\/media\/22063"}],"wp:attachment":[{"href":"https:\/\/gobernacionaltaverapaz.gob.gt\/index.php?rest_route=%2Fwp%2Fv2%2Fmedia&parent=22072"}],"wp:term":[{"taxonomy":"category","embeddable":true,"href":"https:\/\/gobernacionaltaverapaz.gob.gt\/index.php?rest_route=%2Fwp%2Fv2%2Fcategories&post=22072"},{"taxonomy":"post_tag","embeddable":true,"href":"https:\/\/gobernacionaltaverapaz.gob.gt\/index.php?rest_route=%2Fwp%2Fv2%2Ftags&post=22072"}],"curies":[{"name":"wp","href":"https:\/\/api.w.org\/{rel}","templated":true}]}}