{"id":22096,"date":"2025-03-26T07:23:12","date_gmt":"2025-03-26T13:23:12","guid":{"rendered":"https:\/\/gobernacionaltaverapaz.gob.gt\/?p=22096"},"modified":"2025-05-06T10:56:47","modified_gmt":"2025-05-06T16:56:47","slug":"fondo-nacional-de-becas-becas-por-nuestro-futuro","status":"publish","type":"post","link":"https:\/\/gobernacionaltaverapaz.gob.gt\/?p=22096","title":{"rendered":"Fondo Nacional de Becas \u201cBecas por Nuestro Futuro\u201d"},"content":{"rendered":"<div class=\"xdj266r x11i5rnm xat24cr x1mh8g0r x1vvkbs x126k92a\">\n<div dir=\"auto\" style=\"text-align: justify;\">\u00bfSabes en qu\u00e9 consiste el Fondo Nacional de Becas \u201cBecas por Nuestro Futuro\u201d? El secretario de Planificaci\u00f3n, Carlos Mendoza, particip\u00f3 este lunes en <span class=\"html-span xdj266r x11i5rnm xat24cr x1mh8g0r xexx8yu x4uap5 x18d9i69 xkhd6sd x1hl2dhg x16tdsg8 x1vvkbs\"><a class=\"x1i10hfl xjbqb8w x1ejq31n xd10rxx x1sy0etr x17r0tee x972fbf xcfux6l x1qhh985 xm0m39n x9f619 x1ypdohk xt0psk2 xe8uvvx xdj266r x11i5rnm xat24cr x1mh8g0r xexx8yu x4uap5 x18d9i69 xkhd6sd x16tdsg8 x1hl2dhg xggy1nq x1a2a7pz xkrqix3 x1sur9pj x1fey0fg x1s688f\" tabindex=\"0\" role=\"link\" href=\"https:\/\/www.facebook.com\/hashtag\/laronda?__eep__=6&amp;__cft__[0]=AZXG8_dMAicbnsL5gq4x_V-TxfH3uDHxk3P4JTNpUwwVwNav0lpZz0zha2bOqKaWf4bhJBweZVNNJNvd-t-PeeHv7Yjoumacw8lwvgxIJnmGMBckUBjuBU3MloOI8jDR_KI5r3IGFakEdzBG19euBg2GGzhtSnSM4FLiAf-8j8ho7ZmKzuiZ_PofUi0TPUY9U9Fh5cxRDkYJhMSQtX4B7e2z3t1D44S9-9A_FrG8AyJC4g&amp;__tn__=*NK-y-R\">#LaRonda<\/a><\/span> y dio a conocer esta iniciativa.<\/div>\n<\/div>\n<div class=\"x11i5rnm xat24cr x1mh8g0r x1vvkbs xtlvy1s x126k92a\" style=\"text-align: justify;\">\n<div dir=\"auto\">\u201cEs una promesa que hizo el Presidente de la Rep\u00fablica en octubre el D\u00eda de la Revoluci\u00f3n. Fue una forma de contactar ese pasado con el futuro\u201d, record\u00f3 el funcionario.<\/div>\n<\/div>\n<div class=\"x11i5rnm xat24cr x1mh8g0r x1vvkbs xtlvy1s x126k92a\" style=\"text-align: justify;\">\n<div dir=\"auto\">En cuanto a los tipos de becas que se otorgar\u00e1n, se encuentran:<\/div>\n<\/div>\n<div class=\"x11i5rnm xat24cr x1mh8g0r x1vvkbs xtlvy1s x126k92a\" style=\"text-align: justify;\">\n<div dir=\"auto\">&#8211; \ud835\udc01\ud835\udc1e\ud835\udc1c\ud835\udc1a\ud835\udc2c \ud835\udc1d\ud835\udc1e \ud835\udc29\ud835\udc2b\ud835\udc1e\ud835\udc20\ud835\udc2b\ud835\udc1a\ud835\udc1d\ud835\udc28: Para guatemaltecos que terminaron el diversificado y quieren estudiar un t\u00e9cnico universitario o una licenciatura.<\/div>\n<div dir=\"auto\">&#8211; \ud835\udc01\ud835\udc1e\ud835\udc1c\ud835\udc1a\ud835\udc2c \ud835\udc1d\ud835\udc1e \ud835\udc29\ud835\udc28\ud835\udc2c\ud835\udc20\ud835\udc2b\ud835\udc1a\ud835\udc1d\ud835\udc28: Para profesionales que buscan cursar una maestr\u00eda o doctorado en Guatemala o en el extranjero<\/div>\n<div dir=\"auto\">&#8211; \ud835\udc01\ud835\udc1e\ud835\udc1c\ud835\udc1a\ud835\udc2c \ud835\udc1d\ud835\udc1e \ud835\udc1c\ud835\udc2e\ud835\udc2b\ud835\udc2c\ud835\udc28\ud835\udc2c \ud835\udc2d\ud835\udc1e\u0301\ud835\udc1c\ud835\udc27\ud835\udc22\ud835\udc1c\ud835\udc28\ud835\udc2c: Para quienes quieran capacitarse en oficios t\u00e9cnicos con el prop\u00f3sito de mejorar sus oportunidades laborales.<\/div>\n<\/div>\n<div class=\"x11i5rnm xat24cr x1mh8g0r x1vvkbs xtlvy1s x126k92a\" style=\"text-align: justify;\">\n<div dir=\"auto\">El proceso completo para obtenci\u00f3n de las becas educativas ser\u00e1 DIGITAL<\/div>\n<\/div>\n<div class=\"x11i5rnm xat24cr x1mh8g0r x1vvkbs xtlvy1s x126k92a\" style=\"text-align: justify;\">\n<div dir=\"auto\">Para aplicar a una beca, se habilitar\u00e1n tres convocatorias anuales. En 2025 las fechas ser\u00e1n:<\/div>\n<\/div>\n<div class=\"x11i5rnm xat24cr x1mh8g0r x1vvkbs xtlvy1s x126k92a\" style=\"text-align: justify;\">\n<div dir=\"auto\">&#8211; Del 1 de abril al 31 de mayo<\/div>\n<div dir=\"auto\">&#8211; Del 1 al 31 de julio<\/div>\n<div dir=\"auto\">&#8211; Del 1 al 30 de noviembre<\/div>\n<div dir=\"auto\"><\/div>\n<\/div>\n<div class=\"x11i5rnm xat24cr x1mh8g0r x1vvkbs xtlvy1s x126k92a\">\n<div dir=\"auto\" style=\"text-align: justify;\">Adem\u00e1s, este 27 de marzo tendremos el lanzamiento oficial de este programa en la Escuela Normal Rural Dr. Pedro Molina, en Chimaltenango. Te invitamos a sintonizar nuestras redes sociales.<\/div>\n<\/div>\n<p>&nbsp;<\/p>\n<div><\/div>\n","protected":false},"excerpt":{"rendered":"<p>\u00bfSabes en qu\u00e9 consiste el Fondo Nacional de Becas \u201cBecas por Nuestro Futuro\u201d? El secretario de Planificaci\u00f3n, Carlos Mendoza, particip\u00f3 este lunes en #LaRonda y dio a conocer esta iniciativa. \u201cEs una promesa que hizo el Presidente de la Rep\u00fablica en octubre el D\u00eda de la Revoluci\u00f3n. Fue una forma de contactar ese pasado con [&hellip;]<\/p>\n","protected":false},"author":1,"featured_media":22093,"comment_status":"closed","ping_status":"open","sticky":false,"template":"","format":"gallery","meta":[],"categories":[183],"tags":[178],"_links":{"self":[{"href":"https:\/\/gobernacionaltaverapaz.gob.gt\/index.php?rest_route=\/wp\/v2\/posts\/22096"}],"collection":[{"href":"https:\/\/gobernacionaltaverapaz.gob.gt\/index.php?rest_route=\/wp\/v2\/posts"}],"about":[{"href":"https:\/\/gobernacionaltaverapaz.gob.gt\/index.php?rest_route=\/wp\/v2\/types\/post"}],"author":[{"embeddable":true,"href":"https:\/\/gobernacionaltaverapaz.gob.gt\/index.php?rest_route=\/wp\/v2\/users\/1"}],"replies":[{"embeddable":true,"href":"https:\/\/gobernacionaltaverapaz.gob.gt\/index.php?rest_route=%2Fwp%2Fv2%2Fcomments&post=22096"}],"version-history":[{"count":1,"href":"https:\/\/gobernacionaltaverapaz.gob.gt\/index.php?rest_route=\/wp\/v2\/posts\/22096\/revisions"}],"predecessor-version":[{"id":22097,"href":"https:\/\/gobernacionaltaverapaz.gob.gt\/index.php?rest_route=\/wp\/v2\/posts\/22096\/revisions\/22097"}],"wp:featuredmedia":[{"embeddable":true,"href":"https:\/\/gobernacionaltaverapaz.gob.gt\/index.php?rest_route=\/wp\/v2\/media\/22093"}],"wp:attachment":[{"href":"https:\/\/gobernacionaltaverapaz.gob.gt\/index.php?rest_route=%2Fwp%2Fv2%2Fmedia&parent=22096"}],"wp:term":[{"taxonomy":"category","embeddable":true,"href":"https:\/\/gobernacionaltaverapaz.gob.gt\/index.php?rest_route=%2Fwp%2Fv2%2Fcategories&post=22096"},{"taxonomy":"post_tag","embeddable":true,"href":"https:\/\/gobernacionaltaverapaz.gob.gt\/index.php?rest_route=%2Fwp%2Fv2%2Ftags&post=22096"}],"curies":[{"name":"wp","href":"https:\/\/api.w.org\/{rel}","templated":true}]}}