{"id":22118,"date":"2025-03-28T07:00:19","date_gmt":"2025-03-28T13:00:19","guid":{"rendered":"https:\/\/gobernacionaltaverapaz.gob.gt\/?p=22118"},"modified":"2025-05-06T11:34:37","modified_gmt":"2025-05-06T17:34:37","slug":"prevencion-de-la-violencia","status":"publish","type":"post","link":"https:\/\/gobernacionaltaverapaz.gob.gt\/?p=22118","title":{"rendered":"Prevenci\u00f3n de la Violencia"},"content":{"rendered":"<div class=\"xdj266r x11i5rnm xat24cr x1mh8g0r x1vvkbs x126k92a\">\n<div dir=\"auto\" style=\"text-align: justify;\">La reducci\u00f3n de la violencia es un eje prioritario para responder a una de las necesidades m\u00e1s sentidas en el pueblo digno de Alta Verapaz, la seguridad.<\/div>\n<\/div>\n<div class=\"x11i5rnm xat24cr x1mh8g0r x1vvkbs xtlvy1s x126k92a\" style=\"text-align: justify;\">\n<div dir=\"auto\">Respondiendo a esta necesidad tan urgente, la Viceministra Mayda De Le\u00f3n, del Tercer Viceministerio de Prevenci\u00f3n de la Violencia y del Delito sostuvo una reuni\u00f3n de trabajo con las instituciones y organizaciones de diferentes sectores del departamento para conocer m\u00e1s de cerca los esfuerzos que se est\u00e1n haciendo en materia de prevenci\u00f3n.<\/div>\n<\/div>\n<div class=\"x11i5rnm xat24cr x1mh8g0r x1vvkbs xtlvy1s x126k92a\" style=\"text-align: justify;\">\n<div dir=\"auto\">Se present\u00f3 la versi\u00f3n local del plan Nacional de Prevenci\u00f3n de Embarazos en Adolescentes que se llama Wank Sa\u2019tuqtuukilal y los alcances que ha tenido en Alta Verapaz.<\/div>\n<\/div>\n<div class=\"x11i5rnm xat24cr x1mh8g0r x1vvkbs xtlvy1s x126k92a\" style=\"text-align: justify;\">\n<div dir=\"auto\">En la reuni\u00f3n participaron m\u00e1s de 30 organizaciones, adem\u00e1s con la participaci\u00f3n de la diputada al Congreso Alma Luz Guerrero y la se\u00f1ora Gobernadora Dilia Margarita C\u00f3 Coy.<\/div>\n<\/div>\n<div class=\"x11i5rnm xat24cr x1mh8g0r x1vvkbs xtlvy1s x126k92a\">\n<div dir=\"auto\" style=\"text-align: justify;\">Se fortalecer\u00e1n los esfuerzos actuales y se proyectaron nuevas acciones interinstitucionales que en conjunto ser\u00e1n claves para la disminuci\u00f3n de los \u00edndices de violencia en el departamento.<\/div>\n<\/div>\n<p>&nbsp;<\/p>\n<p>&nbsp;<\/p>\n<div><\/div>\n","protected":false},"excerpt":{"rendered":"<p>La reducci\u00f3n de la violencia es un eje prioritario para responder a una de las necesidades m\u00e1s sentidas en el pueblo digno de Alta Verapaz, la seguridad. Respondiendo a esta necesidad tan urgente, la Viceministra Mayda De Le\u00f3n, del Tercer Viceministerio de Prevenci\u00f3n de la Violencia y del Delito sostuvo una reuni\u00f3n de trabajo con [&hellip;]<\/p>\n","protected":false},"author":1,"featured_media":22107,"comment_status":"closed","ping_status":"open","sticky":false,"template":"","format":"gallery","meta":[],"categories":[183],"tags":[178],"_links":{"self":[{"href":"https:\/\/gobernacionaltaverapaz.gob.gt\/index.php?rest_route=\/wp\/v2\/posts\/22118"}],"collection":[{"href":"https:\/\/gobernacionaltaverapaz.gob.gt\/index.php?rest_route=\/wp\/v2\/posts"}],"about":[{"href":"https:\/\/gobernacionaltaverapaz.gob.gt\/index.php?rest_route=\/wp\/v2\/types\/post"}],"author":[{"embeddable":true,"href":"https:\/\/gobernacionaltaverapaz.gob.gt\/index.php?rest_route=\/wp\/v2\/users\/1"}],"replies":[{"embeddable":true,"href":"https:\/\/gobernacionaltaverapaz.gob.gt\/index.php?rest_route=%2Fwp%2Fv2%2Fcomments&post=22118"}],"version-history":[{"count":1,"href":"https:\/\/gobernacionaltaverapaz.gob.gt\/index.php?rest_route=\/wp\/v2\/posts\/22118\/revisions"}],"predecessor-version":[{"id":22119,"href":"https:\/\/gobernacionaltaverapaz.gob.gt\/index.php?rest_route=\/wp\/v2\/posts\/22118\/revisions\/22119"}],"wp:featuredmedia":[{"embeddable":true,"href":"https:\/\/gobernacionaltaverapaz.gob.gt\/index.php?rest_route=\/wp\/v2\/media\/22107"}],"wp:attachment":[{"href":"https:\/\/gobernacionaltaverapaz.gob.gt\/index.php?rest_route=%2Fwp%2Fv2%2Fmedia&parent=22118"}],"wp:term":[{"taxonomy":"category","embeddable":true,"href":"https:\/\/gobernacionaltaverapaz.gob.gt\/index.php?rest_route=%2Fwp%2Fv2%2Fcategories&post=22118"},{"taxonomy":"post_tag","embeddable":true,"href":"https:\/\/gobernacionaltaverapaz.gob.gt\/index.php?rest_route=%2Fwp%2Fv2%2Ftags&post=22118"}],"curies":[{"name":"wp","href":"https:\/\/api.w.org\/{rel}","templated":true}]}}