{"id":22140,"date":"2025-03-31T12:13:59","date_gmt":"2025-03-31T18:13:59","guid":{"rendered":"https:\/\/gobernacionaltaverapaz.gob.gt\/?p=22140"},"modified":"2025-05-06T11:59:06","modified_gmt":"2025-05-06T17:59:06","slug":"jovenes-promotores-del-deporte-y-la-recreacion-2025","status":"publish","type":"post","link":"https:\/\/gobernacionaltaverapaz.gob.gt\/?p=22140","title":{"rendered":"J\u00f3venes Promotores del Deporte y la Recreaci\u00f3n 2025"},"content":{"rendered":"<div class=\"x11i5rnm xat24cr x1mh8g0r x1vvkbs xtlvy1s x126k92a\">\n<div dir=\"auto\">El pasado 28 de marzo, en Cob\u00e1n, Alta Verapaz, se llev\u00f3 a cabo la presentaci\u00f3n del Proyecto Servicio C\u00edvico 2025, una iniciativa que impulsa el deporte y la recreaci\u00f3n en la juventud.<\/div>\n<\/div>\n<div class=\"x11i5rnm xat24cr x1mh8g0r x1vvkbs xtlvy1s x126k92a\">\n<div dir=\"auto\">Este evento cont\u00f3 con la participaci\u00f3n de j\u00f3venes comprometidos, autoridades municipales. Destacando el impacto positivo de este proyecto en la comunidad.<\/div>\n<\/div>\n<div class=\"x11i5rnm xat24cr x1mh8g0r x1vvkbs xtlvy1s x126k92a\">\n<div dir=\"auto\">Un paso m\u00e1s para fortalecer el liderazgo juvenil y el compromiso con el desarrollo social. \u00a1Felicidades a todos los participantes!<\/div>\n<\/div>\n<p>&nbsp;<\/p>\n<p>&nbsp;<\/p>\n<div><\/div>\n","protected":false},"excerpt":{"rendered":"<p>El pasado 28 de marzo, en Cob\u00e1n, Alta Verapaz, se llev\u00f3 a cabo la presentaci\u00f3n del Proyecto Servicio C\u00edvico 2025, una iniciativa que impulsa el deporte y la recreaci\u00f3n en la juventud. Este evento cont\u00f3 con la participaci\u00f3n de j\u00f3venes comprometidos, autoridades municipales. Destacando el impacto positivo de este proyecto en la comunidad. Un paso [&hellip;]<\/p>\n","protected":false},"author":1,"featured_media":22135,"comment_status":"closed","ping_status":"open","sticky":false,"template":"","format":"gallery","meta":[],"categories":[183],"tags":[178],"_links":{"self":[{"href":"https:\/\/gobernacionaltaverapaz.gob.gt\/index.php?rest_route=\/wp\/v2\/posts\/22140"}],"collection":[{"href":"https:\/\/gobernacionaltaverapaz.gob.gt\/index.php?rest_route=\/wp\/v2\/posts"}],"about":[{"href":"https:\/\/gobernacionaltaverapaz.gob.gt\/index.php?rest_route=\/wp\/v2\/types\/post"}],"author":[{"embeddable":true,"href":"https:\/\/gobernacionaltaverapaz.gob.gt\/index.php?rest_route=\/wp\/v2\/users\/1"}],"replies":[{"embeddable":true,"href":"https:\/\/gobernacionaltaverapaz.gob.gt\/index.php?rest_route=%2Fwp%2Fv2%2Fcomments&post=22140"}],"version-history":[{"count":1,"href":"https:\/\/gobernacionaltaverapaz.gob.gt\/index.php?rest_route=\/wp\/v2\/posts\/22140\/revisions"}],"predecessor-version":[{"id":22141,"href":"https:\/\/gobernacionaltaverapaz.gob.gt\/index.php?rest_route=\/wp\/v2\/posts\/22140\/revisions\/22141"}],"wp:featuredmedia":[{"embeddable":true,"href":"https:\/\/gobernacionaltaverapaz.gob.gt\/index.php?rest_route=\/wp\/v2\/media\/22135"}],"wp:attachment":[{"href":"https:\/\/gobernacionaltaverapaz.gob.gt\/index.php?rest_route=%2Fwp%2Fv2%2Fmedia&parent=22140"}],"wp:term":[{"taxonomy":"category","embeddable":true,"href":"https:\/\/gobernacionaltaverapaz.gob.gt\/index.php?rest_route=%2Fwp%2Fv2%2Fcategories&post=22140"},{"taxonomy":"post_tag","embeddable":true,"href":"https:\/\/gobernacionaltaverapaz.gob.gt\/index.php?rest_route=%2Fwp%2Fv2%2Ftags&post=22140"}],"curies":[{"name":"wp","href":"https:\/\/api.w.org\/{rel}","templated":true}]}}