{"id":22150,"date":"2025-04-02T15:32:50","date_gmt":"2025-04-02T21:32:50","guid":{"rendered":"https:\/\/gobernacionaltaverapaz.gob.gt\/?p=22150"},"modified":"2025-05-06T12:22:57","modified_gmt":"2025-05-06T18:22:57","slug":"ejercicio-de-simulacion-de-emergencia-por-desbordamiento-de-rio","status":"publish","type":"post","link":"https:\/\/gobernacionaltaverapaz.gob.gt\/?p=22150","title":{"rendered":"Ejercicio de simulaci\u00f3n de emergencia por desbordamiento de r\u00edo"},"content":{"rendered":"<div class=\"xdj266r x11i5rnm xat24cr x1mh8g0r x1vvkbs x126k92a\">\n<div dir=\"auto\" style=\"text-align: justify;\">\u00a1Alta Verapaz se prepara para proteger a su gente!<\/div>\n<div dir=\"auto\"><\/div>\n<\/div>\n<div class=\"x11i5rnm xat24cr x1mh8g0r x1vvkbs xtlvy1s x126k92a\" style=\"text-align: justify;\">\n<div dir=\"auto\">Ejercicio de simulaci\u00f3n fortalece respuesta interinstitucional ante emergencias por lluvias.<\/div>\n<\/div>\n<div class=\"x11i5rnm xat24cr x1mh8g0r x1vvkbs xtlvy1s x126k92a\" style=\"text-align: justify;\">\n<div dir=\"auto\">Con el compromiso de cuidar la vida de las familias verapacenses, la Coordinadora Departamental para la Reducci\u00f3n de Desastres (CODRED) realiz\u00f3 este mi\u00e9rcoles un ejercicio de simulaci\u00f3n de emergencia por desbordamiento de r\u00edo, como parte de los preparativos ante la posible llegada de la Tormenta Tropical Pilar (datos ficticios).<\/div>\n<\/div>\n<div class=\"x11i5rnm xat24cr x1mh8g0r x1vvkbs xtlvy1s x126k92a\" style=\"text-align: justify;\">\n<div dir=\"auto\">El objetivo fue claro: actuar a tiempo, actuar juntos. Por eso, desde temprano se reunieron instituciones p\u00fablicas, cuerpos de socorro y otras autoridades para poner en marcha un plan que permita responder de forma r\u00e1pida y coordinada si ocurre una emergencia real.<\/div>\n<\/div>\n<div class=\"x11i5rnm xat24cr x1mh8g0r x1vvkbs xtlvy1s x126k92a\" style=\"text-align: justify;\">\n<div dir=\"auto\">Durante el ejercicio:<\/div>\n<div dir=\"auto\">&#8211; INSIVUMEH alert\u00f3 sobre lluvias intensas y el aumento de los r\u00edos.<\/div>\n<div dir=\"auto\">&#8211; C\u00e1ritas de las Verapaces puso a disposici\u00f3n los datos de sus estaciones hidrol\u00f3gicas.<\/div>\n<div dir=\"auto\">&#8211; CONRED recomend\u00f3 subir el nivel de alerta para activar a todos los equipos de respuesta.<\/div>\n<div dir=\"auto\">&#8211; Se simul\u00f3 la organizaron centros de acopio con datos reales para ayudar a las familias que lo necesiten.<\/div>\n<div dir=\"auto\">&#8211; Se simul\u00f3 la movilizaci\u00f3n de personal y maquinaria, traslados de heridos y asistencia humanitaria.<\/div>\n<div dir=\"auto\">&#8211; Se resalt\u00f3 la importancia de trabajar de la mano con las municipalidades para asegurar caminos, recursos y puntos seguros.<\/div>\n<div dir=\"auto\">&#8211; Las diferentes instituciones detectaron sus debilidades y cu\u00e1les son las cosas que se deben mejorar en caso de una situaci\u00f3n real.<\/div>\n<\/div>\n<div class=\"x11i5rnm xat24cr x1mh8g0r x1vvkbs xtlvy1s x126k92a\" style=\"text-align: justify;\">\n<div dir=\"auto\">La CONRED elaborar\u00e1 un informe de los aspectos que se deben mejorar para mejorar la respuesta ante desastres como \u00e9ste, que se suscitan con cierta periodicidad en el departamento.<\/div>\n<\/div>\n<div class=\"x11i5rnm xat24cr x1mh8g0r x1vvkbs xtlvy1s x126k92a\" style=\"text-align: justify;\">\n<div dir=\"auto\">La Gobernadora Departamental, Dilia Margarita C\u00f3 Coy, agradeci\u00f3 el esfuerzo conjunto:<\/div>\n<div dir=\"auto\">\u201cEste ejercicio nos permite autoevaluarnos y determinar en que debemos mejorar. Cada instituci\u00f3n tiene un papel importante cuando se trata de salvar vidas. Nuestro pueblo merece seguridad, apoyo y respeto.<\/div>\n<\/div>\n<div class=\"x11i5rnm xat24cr x1mh8g0r x1vvkbs xtlvy1s x126k92a\" style=\"text-align: justify;\">\n<div dir=\"auto\">Esta acci\u00f3n se enmarca en la visi\u00f3n de un gobierno que escucha y protege, que prioriza las necesidades reales de la poblaci\u00f3n: seguridad, alimentaci\u00f3n, salud y trabajo digno.<\/div>\n<\/div>\n<div class=\"x11i5rnm xat24cr x1mh8g0r x1vvkbs xtlvy1s x126k92a\">\n<div dir=\"auto\" style=\"text-align: justify;\">Con este ejercicio de simulaci\u00f3n, la Gobernaci\u00f3n Departamental reafirma su papel como ente articulador en el territorio y su compromiso con el bienestar de las personas, trabajando en unidad con todos los sectores para que, ante cualquier desastre, la respuesta sea r\u00e1pida, humana y solidaria.<\/div>\n<\/div>\n<p>&nbsp;<\/p>\n<p>&nbsp;<\/p>\n<div><\/div>\n","protected":false},"excerpt":{"rendered":"<p>\u00a1Alta Verapaz se prepara para proteger a su gente! Ejercicio de simulaci\u00f3n fortalece respuesta interinstitucional ante emergencias por lluvias. Con el compromiso de cuidar la vida de las familias verapacenses, la Coordinadora Departamental para la Reducci\u00f3n de Desastres (CODRED) realiz\u00f3 este mi\u00e9rcoles un ejercicio de simulaci\u00f3n de emergencia por desbordamiento de r\u00edo, como parte de [&hellip;]<\/p>\n","protected":false},"author":1,"featured_media":22145,"comment_status":"closed","ping_status":"open","sticky":false,"template":"","format":"gallery","meta":[],"categories":[183],"tags":[178],"_links":{"self":[{"href":"https:\/\/gobernacionaltaverapaz.gob.gt\/index.php?rest_route=\/wp\/v2\/posts\/22150"}],"collection":[{"href":"https:\/\/gobernacionaltaverapaz.gob.gt\/index.php?rest_route=\/wp\/v2\/posts"}],"about":[{"href":"https:\/\/gobernacionaltaverapaz.gob.gt\/index.php?rest_route=\/wp\/v2\/types\/post"}],"author":[{"embeddable":true,"href":"https:\/\/gobernacionaltaverapaz.gob.gt\/index.php?rest_route=\/wp\/v2\/users\/1"}],"replies":[{"embeddable":true,"href":"https:\/\/gobernacionaltaverapaz.gob.gt\/index.php?rest_route=%2Fwp%2Fv2%2Fcomments&post=22150"}],"version-history":[{"count":1,"href":"https:\/\/gobernacionaltaverapaz.gob.gt\/index.php?rest_route=\/wp\/v2\/posts\/22150\/revisions"}],"predecessor-version":[{"id":22151,"href":"https:\/\/gobernacionaltaverapaz.gob.gt\/index.php?rest_route=\/wp\/v2\/posts\/22150\/revisions\/22151"}],"wp:featuredmedia":[{"embeddable":true,"href":"https:\/\/gobernacionaltaverapaz.gob.gt\/index.php?rest_route=\/wp\/v2\/media\/22145"}],"wp:attachment":[{"href":"https:\/\/gobernacionaltaverapaz.gob.gt\/index.php?rest_route=%2Fwp%2Fv2%2Fmedia&parent=22150"}],"wp:term":[{"taxonomy":"category","embeddable":true,"href":"https:\/\/gobernacionaltaverapaz.gob.gt\/index.php?rest_route=%2Fwp%2Fv2%2Fcategories&post=22150"},{"taxonomy":"post_tag","embeddable":true,"href":"https:\/\/gobernacionaltaverapaz.gob.gt\/index.php?rest_route=%2Fwp%2Fv2%2Ftags&post=22150"}],"curies":[{"name":"wp","href":"https:\/\/api.w.org\/{rel}","templated":true}]}}