{"id":22157,"date":"2025-04-02T16:15:50","date_gmt":"2025-04-02T22:15:50","guid":{"rendered":"https:\/\/gobernacionaltaverapaz.gob.gt\/?p=22157"},"modified":"2025-05-06T12:38:28","modified_gmt":"2025-05-06T18:38:28","slug":"reunion-de-trabajo-con-el-personal-del-instituto-nacional-de-administracion-publica","status":"publish","type":"post","link":"https:\/\/gobernacionaltaverapaz.gob.gt\/?p=22157","title":{"rendered":"Reuni\u00f3n de trabajo con el personal del Instituto Nacional de Administraci\u00f3n P\u00fablica"},"content":{"rendered":"<div class=\"xdj266r x11i5rnm xat24cr x1mh8g0r x1vvkbs x126k92a\">\n<div dir=\"auto\" style=\"text-align: justify;\">La Gobernadora Departamental de Alta Verapaz, Dilia Margarita C\u00f3 Coy, sostuvo una reuni\u00f3n de trabajo con el personal del Instituto Nacional de Administraci\u00f3n P\u00fablica (<span class=\"html-span xdj266r x11i5rnm xat24cr x1mh8g0r xexx8yu x4uap5 x18d9i69 xkhd6sd x1hl2dhg x16tdsg8 x1vvkbs\"><a class=\"x1i10hfl xjbqb8w x1ejq31n xd10rxx x1sy0etr x17r0tee x972fbf xcfux6l x1qhh985 xm0m39n x9f619 x1ypdohk xt0psk2 xe8uvvx xdj266r x11i5rnm xat24cr x1mh8g0r xexx8yu x4uap5 x18d9i69 xkhd6sd x16tdsg8 x1hl2dhg xggy1nq x1a2a7pz xkrqix3 x1sur9pj x1fey0fg x1s688f\" tabindex=\"0\" role=\"link\" href=\"https:\/\/www.facebook.com\/hashtag\/inapguatemala?__eep__=6&amp;__cft__[0]=AZWTk0UnzFfBBRGUTRWXxNsefDOAcTPFWMcqExWGqgZ-rfEY_s7VM--FmJw_VToOQ7nKVinTKSJL2JYbtVFzXJIOCL2Oh5qeWhgA3O6deLjhOsf-c8r4kcL8ywCOPW9WbuVrWshxBOqTSQJnFHkR0Ro7oiQSw8W5Gfz0wC1Nsu7PULD4dT4wB9ScYlCOEgfy5uMeeF27oKd6c8Jg1iZgtF3X&amp;__tn__=*NK-R\">#INAPGuatemala<\/a><\/span>) para coordinar acciones en el fortalecimiento institucional.<\/div>\n<\/div>\n<div class=\"x11i5rnm xat24cr x1mh8g0r x1vvkbs xtlvy1s x126k92a\">\n<div dir=\"auto\" style=\"text-align: justify;\">Durante la reuni\u00f3n, se inform\u00f3 sobre la ampliaci\u00f3n del equipo t\u00e9cnico del INAP, el cual brindar\u00e1 asistencia y asesor\u00eda t\u00e9cnica a municipalidades e instituciones p\u00fablicas en el departamento. Adem\u00e1s, se destac\u00f3 que la sede del Instituto operar\u00e1 desde las instalaciones de la Gobernaci\u00f3n Departamental, facilitando el acompa\u00f1amiento a las autoridades locales.<\/div>\n<\/div>\n<p>&nbsp;<\/p>\n<div><\/div>\n","protected":false},"excerpt":{"rendered":"<p>La Gobernadora Departamental de Alta Verapaz, Dilia Margarita C\u00f3 Coy, sostuvo una reuni\u00f3n de trabajo con el personal del Instituto Nacional de Administraci\u00f3n P\u00fablica (#INAPGuatemala) para coordinar acciones en el fortalecimiento institucional. Durante la reuni\u00f3n, se inform\u00f3 sobre la ampliaci\u00f3n del equipo t\u00e9cnico del INAP, el cual brindar\u00e1 asistencia y asesor\u00eda t\u00e9cnica a municipalidades e [&hellip;]<\/p>\n","protected":false},"author":1,"featured_media":22152,"comment_status":"closed","ping_status":"open","sticky":false,"template":"","format":"gallery","meta":[],"categories":[183],"tags":[178],"_links":{"self":[{"href":"https:\/\/gobernacionaltaverapaz.gob.gt\/index.php?rest_route=\/wp\/v2\/posts\/22157"}],"collection":[{"href":"https:\/\/gobernacionaltaverapaz.gob.gt\/index.php?rest_route=\/wp\/v2\/posts"}],"about":[{"href":"https:\/\/gobernacionaltaverapaz.gob.gt\/index.php?rest_route=\/wp\/v2\/types\/post"}],"author":[{"embeddable":true,"href":"https:\/\/gobernacionaltaverapaz.gob.gt\/index.php?rest_route=\/wp\/v2\/users\/1"}],"replies":[{"embeddable":true,"href":"https:\/\/gobernacionaltaverapaz.gob.gt\/index.php?rest_route=%2Fwp%2Fv2%2Fcomments&post=22157"}],"version-history":[{"count":1,"href":"https:\/\/gobernacionaltaverapaz.gob.gt\/index.php?rest_route=\/wp\/v2\/posts\/22157\/revisions"}],"predecessor-version":[{"id":22158,"href":"https:\/\/gobernacionaltaverapaz.gob.gt\/index.php?rest_route=\/wp\/v2\/posts\/22157\/revisions\/22158"}],"wp:featuredmedia":[{"embeddable":true,"href":"https:\/\/gobernacionaltaverapaz.gob.gt\/index.php?rest_route=\/wp\/v2\/media\/22152"}],"wp:attachment":[{"href":"https:\/\/gobernacionaltaverapaz.gob.gt\/index.php?rest_route=%2Fwp%2Fv2%2Fmedia&parent=22157"}],"wp:term":[{"taxonomy":"category","embeddable":true,"href":"https:\/\/gobernacionaltaverapaz.gob.gt\/index.php?rest_route=%2Fwp%2Fv2%2Fcategories&post=22157"},{"taxonomy":"post_tag","embeddable":true,"href":"https:\/\/gobernacionaltaverapaz.gob.gt\/index.php?rest_route=%2Fwp%2Fv2%2Ftags&post=22157"}],"curies":[{"name":"wp","href":"https:\/\/api.w.org\/{rel}","templated":true}]}}