{"id":22166,"date":"2025-04-03T06:05:24","date_gmt":"2025-04-03T12:05:24","guid":{"rendered":"https:\/\/gobernacionaltaverapaz.gob.gt\/?p=22166"},"modified":"2025-05-06T12:47:06","modified_gmt":"2025-05-06T18:47:06","slug":"avances-en-los-programas-de-nivelacion-de-los-aprendizajes","status":"publish","type":"post","link":"https:\/\/gobernacionaltaverapaz.gob.gt\/?p=22166","title":{"rendered":"Avances en los programas de Nivelaci\u00f3n de los Aprendizajes"},"content":{"rendered":"<div class=\"xdj266r x11i5rnm xat24cr x1mh8g0r x1vvkbs x126k92a\">\n<div dir=\"auto\" style=\"text-align: justify;\">Durante una visita de trabajo, la ministra de Educaci\u00f3n Anabella Giracca, present\u00f3 al presidente Bernardo Ar\u00e9valo, los logros de la instituci\u00f3n que tienen como objetivo beneficiar a la ni\u00f1ez, adolescencia y juventud a trav\u00e9s de los diferentes programas de apoyo.<\/div>\n<\/div>\n<div class=\"x11i5rnm xat24cr x1mh8g0r x1vvkbs xtlvy1s x126k92a\" style=\"text-align: justify;\">\n<div dir=\"auto\">Durante la reuni\u00f3n, la ministra destac\u00f3 el avance en los programas de Nivelaci\u00f3n de los Aprendizajes, la transformaci\u00f3n tecnol\u00f3gica, el equipamiento de laboratorios a institutos de diversificado, contrataci\u00f3n de docente, becas de ingl\u00e9s, certificaci\u00f3n de competencias, remozamiento de escuelas, programas de apoyo a la comunidad educativa y prevenci\u00f3n de la violencia a trav\u00e9s del programa Cuida.<\/div>\n<\/div>\n<div class=\"x11i5rnm xat24cr x1mh8g0r x1vvkbs xtlvy1s x126k92a\">\n<div dir=\"auto\" style=\"text-align: justify;\">El mandatario felicit\u00f3 a la ministra Giracca por su liderazgo y compromiso al frente de la cartera, convers\u00f3 con los viceministros y recorri\u00f3 las instalaciones en donde salud\u00f3 a los colaboradores a quienes agradeci\u00f3 el compromiso por fortalecer la educaci\u00f3n en el pa\u00eds.<\/div>\n<\/div>\n<p>&nbsp;<\/p>\n<div><\/div>\n","protected":false},"excerpt":{"rendered":"<p>Durante una visita de trabajo, la ministra de Educaci\u00f3n Anabella Giracca, present\u00f3 al presidente Bernardo Ar\u00e9valo, los logros de la instituci\u00f3n que tienen como objetivo beneficiar a la ni\u00f1ez, adolescencia y juventud a trav\u00e9s de los diferentes programas de apoyo. Durante la reuni\u00f3n, la ministra destac\u00f3 el avance en los programas de Nivelaci\u00f3n de los [&hellip;]<\/p>\n","protected":false},"author":1,"featured_media":22159,"comment_status":"closed","ping_status":"open","sticky":false,"template":"","format":"gallery","meta":[],"categories":[183],"tags":[178],"_links":{"self":[{"href":"https:\/\/gobernacionaltaverapaz.gob.gt\/index.php?rest_route=\/wp\/v2\/posts\/22166"}],"collection":[{"href":"https:\/\/gobernacionaltaverapaz.gob.gt\/index.php?rest_route=\/wp\/v2\/posts"}],"about":[{"href":"https:\/\/gobernacionaltaverapaz.gob.gt\/index.php?rest_route=\/wp\/v2\/types\/post"}],"author":[{"embeddable":true,"href":"https:\/\/gobernacionaltaverapaz.gob.gt\/index.php?rest_route=\/wp\/v2\/users\/1"}],"replies":[{"embeddable":true,"href":"https:\/\/gobernacionaltaverapaz.gob.gt\/index.php?rest_route=%2Fwp%2Fv2%2Fcomments&post=22166"}],"version-history":[{"count":1,"href":"https:\/\/gobernacionaltaverapaz.gob.gt\/index.php?rest_route=\/wp\/v2\/posts\/22166\/revisions"}],"predecessor-version":[{"id":22167,"href":"https:\/\/gobernacionaltaverapaz.gob.gt\/index.php?rest_route=\/wp\/v2\/posts\/22166\/revisions\/22167"}],"wp:featuredmedia":[{"embeddable":true,"href":"https:\/\/gobernacionaltaverapaz.gob.gt\/index.php?rest_route=\/wp\/v2\/media\/22159"}],"wp:attachment":[{"href":"https:\/\/gobernacionaltaverapaz.gob.gt\/index.php?rest_route=%2Fwp%2Fv2%2Fmedia&parent=22166"}],"wp:term":[{"taxonomy":"category","embeddable":true,"href":"https:\/\/gobernacionaltaverapaz.gob.gt\/index.php?rest_route=%2Fwp%2Fv2%2Fcategories&post=22166"},{"taxonomy":"post_tag","embeddable":true,"href":"https:\/\/gobernacionaltaverapaz.gob.gt\/index.php?rest_route=%2Fwp%2Fv2%2Ftags&post=22166"}],"curies":[{"name":"wp","href":"https:\/\/api.w.org\/{rel}","templated":true}]}}