{"id":22176,"date":"2025-04-07T11:00:50","date_gmt":"2025-04-07T17:00:50","guid":{"rendered":"https:\/\/gobernacionaltaverapaz.gob.gt\/?p=22176"},"modified":"2025-05-06T14:40:22","modified_gmt":"2025-05-06T20:40:22","slug":"acto-civico-en-honor-al-general-justo-rufino-barrios-y-al-soldado-caido","status":"publish","type":"post","link":"https:\/\/gobernacionaltaverapaz.gob.gt\/?p=22176","title":{"rendered":"Acto c\u00edvico en honor al General Justo Rufino Barrios y al Soldado Ca\u00eddo"},"content":{"rendered":"<div class=\"xdj266r x11i5rnm xat24cr x1mh8g0r x1vvkbs x126k92a\">\n<div dir=\"auto\" style=\"text-align: justify;\">El pasado viernes 4 de abril, en la Escuela Oficial Felipa G\u00f3mez de Cob\u00e1n, Alta Verapaz, se realiz\u00f3 un acto c\u00edvico en honor al General Justo Rufino Barrios y al Soldado Ca\u00eddo.<\/div>\n<\/div>\n<div class=\"x11i5rnm xat24cr x1mh8g0r x1vvkbs xtlvy1s x126k92a\">\n<div dir=\"auto\" style=\"text-align: justify;\">La actividad cont\u00f3 con la participaci\u00f3n del Cuerpo de Servicio Civil, miembros de reservas militares, docentes y estudiantes. La Gobernadora Departamental, junto a la comunidad educativa, encabez\u00f3 el acto que rindi\u00f3 homenaje a quienes han servido a la patria.<\/div>\n<\/div>\n<p>&nbsp;<\/p>\n<div><\/div>\n","protected":false},"excerpt":{"rendered":"<p>El pasado viernes 4 de abril, en la Escuela Oficial Felipa G\u00f3mez de Cob\u00e1n, Alta Verapaz, se realiz\u00f3 un acto c\u00edvico en honor al General Justo Rufino Barrios y al Soldado Ca\u00eddo. La actividad cont\u00f3 con la participaci\u00f3n del Cuerpo de Servicio Civil, miembros de reservas militares, docentes y estudiantes. La Gobernadora Departamental, junto a [&hellip;]<\/p>\n","protected":false},"author":1,"featured_media":22168,"comment_status":"closed","ping_status":"open","sticky":false,"template":"","format":"gallery","meta":[],"categories":[183],"tags":[178],"_links":{"self":[{"href":"https:\/\/gobernacionaltaverapaz.gob.gt\/index.php?rest_route=\/wp\/v2\/posts\/22176"}],"collection":[{"href":"https:\/\/gobernacionaltaverapaz.gob.gt\/index.php?rest_route=\/wp\/v2\/posts"}],"about":[{"href":"https:\/\/gobernacionaltaverapaz.gob.gt\/index.php?rest_route=\/wp\/v2\/types\/post"}],"author":[{"embeddable":true,"href":"https:\/\/gobernacionaltaverapaz.gob.gt\/index.php?rest_route=\/wp\/v2\/users\/1"}],"replies":[{"embeddable":true,"href":"https:\/\/gobernacionaltaverapaz.gob.gt\/index.php?rest_route=%2Fwp%2Fv2%2Fcomments&post=22176"}],"version-history":[{"count":1,"href":"https:\/\/gobernacionaltaverapaz.gob.gt\/index.php?rest_route=\/wp\/v2\/posts\/22176\/revisions"}],"predecessor-version":[{"id":22177,"href":"https:\/\/gobernacionaltaverapaz.gob.gt\/index.php?rest_route=\/wp\/v2\/posts\/22176\/revisions\/22177"}],"wp:featuredmedia":[{"embeddable":true,"href":"https:\/\/gobernacionaltaverapaz.gob.gt\/index.php?rest_route=\/wp\/v2\/media\/22168"}],"wp:attachment":[{"href":"https:\/\/gobernacionaltaverapaz.gob.gt\/index.php?rest_route=%2Fwp%2Fv2%2Fmedia&parent=22176"}],"wp:term":[{"taxonomy":"category","embeddable":true,"href":"https:\/\/gobernacionaltaverapaz.gob.gt\/index.php?rest_route=%2Fwp%2Fv2%2Fcategories&post=22176"},{"taxonomy":"post_tag","embeddable":true,"href":"https:\/\/gobernacionaltaverapaz.gob.gt\/index.php?rest_route=%2Fwp%2Fv2%2Ftags&post=22176"}],"curies":[{"name":"wp","href":"https:\/\/api.w.org\/{rel}","templated":true}]}}