{"id":22201,"date":"2025-04-07T12:00:20","date_gmt":"2025-04-07T18:00:20","guid":{"rendered":"https:\/\/gobernacionaltaverapaz.gob.gt\/?p=22201"},"modified":"2025-05-06T15:23:03","modified_gmt":"2025-05-06T21:23:03","slug":"feria-nacional-de-empleo-llega-a-san-pedro-carcha","status":"publish","type":"post","link":"https:\/\/gobernacionaltaverapaz.gob.gt\/?p=22201","title":{"rendered":"Feria Nacional de Empleo llega a San Pedro Carch\u00e1"},"content":{"rendered":"<div class=\"xdj266r x11i5rnm xat24cr x1mh8g0r x1vvkbs x126k92a\">\n<div dir=\"auto\" style=\"text-align: justify;\">Con el compromiso de acercar oportunidades laborales a la poblaci\u00f3n, el Ministerio de Trabajo y Previsi\u00f3n Social, a trav\u00e9s del Servicio Nacional de Empleo, realiz\u00f3 la Feria Nacional de Empleo en el Municipio de San Pedro Carch\u00e1.<\/div>\n<\/div>\n<div class=\"x11i5rnm xat24cr x1mh8g0r x1vvkbs xtlvy1s x126k92a\">\n<div dir=\"auto\" style=\"text-align: justify;\">El evento reuni\u00f3 a empresas e instituciones que ofrecieron diversas vacantes a los asistentes, promoviendo el acceso al trabajo digno y el desarrollo econ\u00f3mico. Por un Alta Verapaz lleno de oportunidades, donde el acceso al empleo digno fortalezca el desarrollo de nuestras comunidades.<\/div>\n<\/div>\n<p>&nbsp;<\/p>\n<div><\/div>\n","protected":false},"excerpt":{"rendered":"<p>Con el compromiso de acercar oportunidades laborales a la poblaci\u00f3n, el Ministerio de Trabajo y Previsi\u00f3n Social, a trav\u00e9s del Servicio Nacional de Empleo, realiz\u00f3 la Feria Nacional de Empleo en el Municipio de San Pedro Carch\u00e1. El evento reuni\u00f3 a empresas e instituciones que ofrecieron diversas vacantes a los asistentes, promoviendo el acceso al [&hellip;]<\/p>\n","protected":false},"author":1,"featured_media":22191,"comment_status":"closed","ping_status":"open","sticky":false,"template":"","format":"gallery","meta":[],"categories":[183],"tags":[178],"_links":{"self":[{"href":"https:\/\/gobernacionaltaverapaz.gob.gt\/index.php?rest_route=\/wp\/v2\/posts\/22201"}],"collection":[{"href":"https:\/\/gobernacionaltaverapaz.gob.gt\/index.php?rest_route=\/wp\/v2\/posts"}],"about":[{"href":"https:\/\/gobernacionaltaverapaz.gob.gt\/index.php?rest_route=\/wp\/v2\/types\/post"}],"author":[{"embeddable":true,"href":"https:\/\/gobernacionaltaverapaz.gob.gt\/index.php?rest_route=\/wp\/v2\/users\/1"}],"replies":[{"embeddable":true,"href":"https:\/\/gobernacionaltaverapaz.gob.gt\/index.php?rest_route=%2Fwp%2Fv2%2Fcomments&post=22201"}],"version-history":[{"count":1,"href":"https:\/\/gobernacionaltaverapaz.gob.gt\/index.php?rest_route=\/wp\/v2\/posts\/22201\/revisions"}],"predecessor-version":[{"id":22202,"href":"https:\/\/gobernacionaltaverapaz.gob.gt\/index.php?rest_route=\/wp\/v2\/posts\/22201\/revisions\/22202"}],"wp:featuredmedia":[{"embeddable":true,"href":"https:\/\/gobernacionaltaverapaz.gob.gt\/index.php?rest_route=\/wp\/v2\/media\/22191"}],"wp:attachment":[{"href":"https:\/\/gobernacionaltaverapaz.gob.gt\/index.php?rest_route=%2Fwp%2Fv2%2Fmedia&parent=22201"}],"wp:term":[{"taxonomy":"category","embeddable":true,"href":"https:\/\/gobernacionaltaverapaz.gob.gt\/index.php?rest_route=%2Fwp%2Fv2%2Fcategories&post=22201"},{"taxonomy":"post_tag","embeddable":true,"href":"https:\/\/gobernacionaltaverapaz.gob.gt\/index.php?rest_route=%2Fwp%2Fv2%2Ftags&post=22201"}],"curies":[{"name":"wp","href":"https:\/\/api.w.org\/{rel}","templated":true}]}}