{"id":22210,"date":"2025-04-08T15:39:52","date_gmt":"2025-04-08T21:39:52","guid":{"rendered":"https:\/\/gobernacionaltaverapaz.gob.gt\/?p=22210"},"modified":"2025-05-06T15:47:49","modified_gmt":"2025-05-06T21:47:49","slug":"gobernadora-departamental-de-alta-verapaz-realizo-una-visita-tecnica-a-la-scep","status":"publish","type":"post","link":"https:\/\/gobernacionaltaverapaz.gob.gt\/?p=22210","title":{"rendered":"Gobernadora Departamental de Alta Verapaz realiz\u00f3 una visita t\u00e9cnica a la SCEP"},"content":{"rendered":"<div class=\"xdj266r x11i5rnm xat24cr x1mh8g0r x1vvkbs x126k92a\">\n<div dir=\"auto\" style=\"text-align: justify;\">\u00a1Instituciones que trabajan para el Pueblo Digno de alta Verapaz!<\/div>\n<\/div>\n<div class=\"x11i5rnm xat24cr x1mh8g0r x1vvkbs xtlvy1s x126k92a\" style=\"text-align: justify;\">\n<div dir=\"auto\">Este martes 08 de abril, la se\u00f1ora Gobernadora Departamental de Alta Verapaz realiz\u00f3 una visita t\u00e9cnica a la Secretar\u00eda de Coordinaci\u00f3n Ejecutiva de la Presidencia (SCEP), como parte de su gira institucional para hacer efectiva la acci\u00f3n del Estado en favor de la poblaci\u00f3n.<\/div>\n<\/div>\n<div class=\"x11i5rnm xat24cr x1mh8g0r x1vvkbs xtlvy1s x126k92a\" style=\"text-align: justify;\">\n<div dir=\"auto\">Durante la reuni\u00f3n se presentaron mejoras implementadas en el equipo de supervisores, as\u00ed como avances en los procesos de coordinaci\u00f3n interinstitucional.<\/div>\n<\/div>\n<div class=\"x11i5rnm xat24cr x1mh8g0r x1vvkbs xtlvy1s x126k92a\" style=\"text-align: justify;\">\n<div dir=\"auto\">Estas acciones buscan optimizar el seguimiento a los proyectos que se desarrollan en beneficio de la poblaci\u00f3n con fondos del Consejo Departamental de Desarrollo de Alta Verapaz (CODEDEAV) que son ejecutados por las Municipalidades.<\/div>\n<\/div>\n<div class=\"x11i5rnm xat24cr x1mh8g0r x1vvkbs xtlvy1s x126k92a\" style=\"text-align: justify;\">\n<div dir=\"auto\">Se destac\u00f3 la importancia de continuar fortaleciendo los mecanismos de supervisi\u00f3n y control, con el objetivo de garantizar que los servicios y acciones del Gobierno lleguen de manera eficiente a las comunidades.<\/div>\n<\/div>\n<div class=\"x11i5rnm xat24cr x1mh8g0r x1vvkbs xtlvy1s x126k92a\">\n<div dir=\"auto\" style=\"text-align: justify;\">La Gobernaci\u00f3n Departamental reafirma su compromiso con una gesti\u00f3n p\u00fablica transparente, eficiente y orientada al desarrollo integral de Alta Verapaz.<\/div>\n<\/div>\n<p>&nbsp;<\/p>\n<p>&nbsp;<\/p>\n<div><\/div>\n","protected":false},"excerpt":{"rendered":"<p>\u00a1Instituciones que trabajan para el Pueblo Digno de alta Verapaz! Este martes 08 de abril, la se\u00f1ora Gobernadora Departamental de Alta Verapaz realiz\u00f3 una visita t\u00e9cnica a la Secretar\u00eda de Coordinaci\u00f3n Ejecutiva de la Presidencia (SCEP), como parte de su gira institucional para hacer efectiva la acci\u00f3n del Estado en favor de la poblaci\u00f3n. Durante [&hellip;]<\/p>\n","protected":false},"author":1,"featured_media":22203,"comment_status":"closed","ping_status":"open","sticky":false,"template":"","format":"gallery","meta":[],"categories":[183],"tags":[178],"_links":{"self":[{"href":"https:\/\/gobernacionaltaverapaz.gob.gt\/index.php?rest_route=\/wp\/v2\/posts\/22210"}],"collection":[{"href":"https:\/\/gobernacionaltaverapaz.gob.gt\/index.php?rest_route=\/wp\/v2\/posts"}],"about":[{"href":"https:\/\/gobernacionaltaverapaz.gob.gt\/index.php?rest_route=\/wp\/v2\/types\/post"}],"author":[{"embeddable":true,"href":"https:\/\/gobernacionaltaverapaz.gob.gt\/index.php?rest_route=\/wp\/v2\/users\/1"}],"replies":[{"embeddable":true,"href":"https:\/\/gobernacionaltaverapaz.gob.gt\/index.php?rest_route=%2Fwp%2Fv2%2Fcomments&post=22210"}],"version-history":[{"count":1,"href":"https:\/\/gobernacionaltaverapaz.gob.gt\/index.php?rest_route=\/wp\/v2\/posts\/22210\/revisions"}],"predecessor-version":[{"id":22211,"href":"https:\/\/gobernacionaltaverapaz.gob.gt\/index.php?rest_route=\/wp\/v2\/posts\/22210\/revisions\/22211"}],"wp:featuredmedia":[{"embeddable":true,"href":"https:\/\/gobernacionaltaverapaz.gob.gt\/index.php?rest_route=\/wp\/v2\/media\/22203"}],"wp:attachment":[{"href":"https:\/\/gobernacionaltaverapaz.gob.gt\/index.php?rest_route=%2Fwp%2Fv2%2Fmedia&parent=22210"}],"wp:term":[{"taxonomy":"category","embeddable":true,"href":"https:\/\/gobernacionaltaverapaz.gob.gt\/index.php?rest_route=%2Fwp%2Fv2%2Fcategories&post=22210"},{"taxonomy":"post_tag","embeddable":true,"href":"https:\/\/gobernacionaltaverapaz.gob.gt\/index.php?rest_route=%2Fwp%2Fv2%2Ftags&post=22210"}],"curies":[{"name":"wp","href":"https:\/\/api.w.org\/{rel}","templated":true}]}}