{"id":22236,"date":"2025-04-12T09:42:45","date_gmt":"2025-04-12T15:42:45","guid":{"rendered":"https:\/\/gobernacionaltaverapaz.gob.gt\/?p=22236"},"modified":"2025-05-06T16:32:52","modified_gmt":"2025-05-06T22:32:52","slug":"oportunidades-de-articulacion-para-la-promocion-de-la-igualdad-y-derechos-de-la-mujeres-en-alta-verapaz","status":"publish","type":"post","link":"https:\/\/gobernacionaltaverapaz.gob.gt\/?p=22236","title":{"rendered":"Oportunidades de articulaci\u00f3n para la promoci\u00f3n de la Igualdad y Derechos de La Mujeres en Alta Verapaz"},"content":{"rendered":"<p style=\"text-align: justify;\">Gloria Carrera, representante de <span class=\"html-span xdj266r x11i5rnm xat24cr x1mh8g0r xexx8yu x4uap5 x18d9i69 xkhd6sd x1hl2dhg x16tdsg8 x1vvkbs\"><a class=\"x1i10hfl xjbqb8w x1ejq31n xd10rxx x1sy0etr x17r0tee x972fbf xcfux6l x1qhh985 xm0m39n x9f619 x1ypdohk xt0psk2 xe8uvvx xdj266r x11i5rnm xat24cr x1mh8g0r xexx8yu x4uap5 x18d9i69 xkhd6sd x16tdsg8 x1hl2dhg xggy1nq x1a2a7pz xkrqix3 x1sur9pj x1fey0fg x1s688f\" tabindex=\"0\" role=\"link\" href=\"https:\/\/www.facebook.com\/hashtag\/onumujeres?__eep__=6&amp;__cft__[0]=AZVN_S0vt7oSA1megGysgQgC-pJ4lAWSV-25c2D2FeTHjXHZM6ea51mtSk6WIXwdedog4PiqGrVMGND_mtCnSkZIPUbHlo5OBG4bU7WYwXTMUgyxs0k3Fn7TsAwuGst-dCA0Nz9G5QpNUslIfzB-uwLnt03XuE2RJQYEWgOLZ9PV4TSjLESXlcZ_Xw8FQPLE19-ij0wa2NayNktaQPIWtdalkyJpB6vKgmMt9913NrwfEQ&amp;__tn__=*NK-y-R\">#ONUMujeres<\/a><\/span>, se reuni\u00f3 con Dilia Margarita C\u00f3, Gobernadora de Alta Verapaz, para explorar oportunidades de articulaci\u00f3n para la promoci\u00f3n de la <span class=\"html-span xdj266r x11i5rnm xat24cr x1mh8g0r xexx8yu x4uap5 x18d9i69 xkhd6sd x1hl2dhg x16tdsg8 x1vvkbs\"><a class=\"x1i10hfl xjbqb8w x1ejq31n xd10rxx x1sy0etr x17r0tee x972fbf xcfux6l x1qhh985 xm0m39n x9f619 x1ypdohk xt0psk2 xe8uvvx xdj266r x11i5rnm xat24cr x1mh8g0r xexx8yu x4uap5 x18d9i69 xkhd6sd x16tdsg8 x1hl2dhg xggy1nq x1a2a7pz xkrqix3 x1sur9pj x1fey0fg x1s688f\" tabindex=\"0\" role=\"link\" href=\"https:\/\/www.facebook.com\/hashtag\/igualdad?__eep__=6&amp;__cft__[0]=AZVN_S0vt7oSA1megGysgQgC-pJ4lAWSV-25c2D2FeTHjXHZM6ea51mtSk6WIXwdedog4PiqGrVMGND_mtCnSkZIPUbHlo5OBG4bU7WYwXTMUgyxs0k3Fn7TsAwuGst-dCA0Nz9G5QpNUslIfzB-uwLnt03XuE2RJQYEWgOLZ9PV4TSjLESXlcZ_Xw8FQPLE19-ij0wa2NayNktaQPIWtdalkyJpB6vKgmMt9913NrwfEQ&amp;__tn__=*NK-y-R\">#Igualdad<\/a><\/span> y <span class=\"html-span xdj266r x11i5rnm xat24cr x1mh8g0r xexx8yu x4uap5 x18d9i69 xkhd6sd x1hl2dhg x16tdsg8 x1vvkbs\"><a class=\"x1i10hfl xjbqb8w x1ejq31n xd10rxx x1sy0etr x17r0tee x972fbf xcfux6l x1qhh985 xm0m39n x9f619 x1ypdohk xt0psk2 xe8uvvx xdj266r x11i5rnm xat24cr x1mh8g0r xexx8yu x4uap5 x18d9i69 xkhd6sd x16tdsg8 x1hl2dhg xggy1nq x1a2a7pz xkrqix3 x1sur9pj x1fey0fg x1s688f\" tabindex=\"0\" role=\"link\" href=\"https:\/\/www.facebook.com\/hashtag\/derechosdelasmujeres?__eep__=6&amp;__cft__[0]=AZVN_S0vt7oSA1megGysgQgC-pJ4lAWSV-25c2D2FeTHjXHZM6ea51mtSk6WIXwdedog4PiqGrVMGND_mtCnSkZIPUbHlo5OBG4bU7WYwXTMUgyxs0k3Fn7TsAwuGst-dCA0Nz9G5QpNUslIfzB-uwLnt03XuE2RJQYEWgOLZ9PV4TSjLESXlcZ_Xw8FQPLE19-ij0wa2NayNktaQPIWtdalkyJpB6vKgmMt9913NrwfEQ&amp;__tn__=*NK-y-R\">#DerechosDeLasMujeres<\/a><\/span> en Alta Verapaz.<\/p>\n<p>&nbsp;<\/p>\n<div><\/div>\n","protected":false},"excerpt":{"rendered":"<p>Gloria Carrera, representante de #ONUMujeres, se reuni\u00f3 con Dilia Margarita C\u00f3, Gobernadora de Alta Verapaz, para explorar oportunidades de articulaci\u00f3n para la promoci\u00f3n de la #Igualdad y #DerechosDeLasMujeres en Alta Verapaz. &nbsp;<\/p>\n","protected":false},"author":1,"featured_media":22233,"comment_status":"closed","ping_status":"open","sticky":false,"template":"","format":"gallery","meta":[],"categories":[183],"tags":[178],"_links":{"self":[{"href":"https:\/\/gobernacionaltaverapaz.gob.gt\/index.php?rest_route=\/wp\/v2\/posts\/22236"}],"collection":[{"href":"https:\/\/gobernacionaltaverapaz.gob.gt\/index.php?rest_route=\/wp\/v2\/posts"}],"about":[{"href":"https:\/\/gobernacionaltaverapaz.gob.gt\/index.php?rest_route=\/wp\/v2\/types\/post"}],"author":[{"embeddable":true,"href":"https:\/\/gobernacionaltaverapaz.gob.gt\/index.php?rest_route=\/wp\/v2\/users\/1"}],"replies":[{"embeddable":true,"href":"https:\/\/gobernacionaltaverapaz.gob.gt\/index.php?rest_route=%2Fwp%2Fv2%2Fcomments&post=22236"}],"version-history":[{"count":1,"href":"https:\/\/gobernacionaltaverapaz.gob.gt\/index.php?rest_route=\/wp\/v2\/posts\/22236\/revisions"}],"predecessor-version":[{"id":22237,"href":"https:\/\/gobernacionaltaverapaz.gob.gt\/index.php?rest_route=\/wp\/v2\/posts\/22236\/revisions\/22237"}],"wp:featuredmedia":[{"embeddable":true,"href":"https:\/\/gobernacionaltaverapaz.gob.gt\/index.php?rest_route=\/wp\/v2\/media\/22233"}],"wp:attachment":[{"href":"https:\/\/gobernacionaltaverapaz.gob.gt\/index.php?rest_route=%2Fwp%2Fv2%2Fmedia&parent=22236"}],"wp:term":[{"taxonomy":"category","embeddable":true,"href":"https:\/\/gobernacionaltaverapaz.gob.gt\/index.php?rest_route=%2Fwp%2Fv2%2Fcategories&post=22236"},{"taxonomy":"post_tag","embeddable":true,"href":"https:\/\/gobernacionaltaverapaz.gob.gt\/index.php?rest_route=%2Fwp%2Fv2%2Ftags&post=22236"}],"curies":[{"name":"wp","href":"https:\/\/api.w.org\/{rel}","templated":true}]}}