{"id":22258,"date":"2025-04-15T11:40:34","date_gmt":"2025-04-15T17:40:34","guid":{"rendered":"https:\/\/gobernacionaltaverapaz.gob.gt\/?p=22258"},"modified":"2025-05-07T01:08:02","modified_gmt":"2025-05-07T07:08:02","slug":"reunion-extraordinaria-del-codedeav-2","status":"publish","type":"post","link":"https:\/\/gobernacionaltaverapaz.gob.gt\/?p=22258","title":{"rendered":"Reuni\u00f3n Extraordinaria del CODEDEAV"},"content":{"rendered":"<div class=\"x11i5rnm xat24cr x1mh8g0r x1vvkbs xtlvy1s x126k92a\">\n<div dir=\"auto\" style=\"text-align: justify;\">Con el objetivo de avanzar en la planificaci\u00f3n del desarrollo del departamento, se llev\u00f3 a cabo la Reuni\u00f3n Extraordinaria del Consejo Departamental de Desarrollo de Alta Verapaz (CODEDEAV)<\/div>\n<\/div>\n<div class=\"x11i5rnm xat24cr x1mh8g0r x1vvkbs xtlvy1s x126k92a\" style=\"text-align: justify;\">\n<div dir=\"auto\">Durante la jornada se abord\u00f3 como punto principal la aprobaci\u00f3n de la Propuesta de Inversi\u00f3n Departamental 2026, la cual fue presentada y analizada con el acompa\u00f1amiento de la Unidad T\u00e9cnica Departamental (UTD).<\/div>\n<\/div>\n<div class=\"x11i5rnm xat24cr x1mh8g0r x1vvkbs xtlvy1s x126k92a\" style=\"text-align: justify;\">\n<div dir=\"auto\">Esta reuni\u00f3n refleja el compromiso de las autoridades y los integrantes del CODEDEAV con una gesti\u00f3n participativa, transparente y alineada a las necesidades de los 17 municipios de Alta Verapaz.<\/div>\n<div dir=\"auto\"><\/div>\n<\/div>\n<div class=\"x11i5rnm xat24cr x1mh8g0r x1vvkbs xtlvy1s x126k92a\" style=\"text-align: justify;\">\n<div dir=\"auto\">\u00a1Seguimos trabajando por el desarrollo integral del departamento!<\/div>\n<\/div>\n<p style=\"text-align: justify;\">\n<p>&nbsp;<\/p>\n<div><\/div>\n","protected":false},"excerpt":{"rendered":"<p>Con el objetivo de avanzar en la planificaci\u00f3n del desarrollo del departamento, se llev\u00f3 a cabo la Reuni\u00f3n Extraordinaria del Consejo Departamental de Desarrollo de Alta Verapaz (CODEDEAV) Durante la jornada se abord\u00f3 como punto principal la aprobaci\u00f3n de la Propuesta de Inversi\u00f3n Departamental 2026, la cual fue presentada y analizada con el acompa\u00f1amiento de [&hellip;]<\/p>\n","protected":false},"author":1,"featured_media":22251,"comment_status":"closed","ping_status":"open","sticky":false,"template":"","format":"gallery","meta":[],"categories":[183],"tags":[178],"_links":{"self":[{"href":"https:\/\/gobernacionaltaverapaz.gob.gt\/index.php?rest_route=\/wp\/v2\/posts\/22258"}],"collection":[{"href":"https:\/\/gobernacionaltaverapaz.gob.gt\/index.php?rest_route=\/wp\/v2\/posts"}],"about":[{"href":"https:\/\/gobernacionaltaverapaz.gob.gt\/index.php?rest_route=\/wp\/v2\/types\/post"}],"author":[{"embeddable":true,"href":"https:\/\/gobernacionaltaverapaz.gob.gt\/index.php?rest_route=\/wp\/v2\/users\/1"}],"replies":[{"embeddable":true,"href":"https:\/\/gobernacionaltaverapaz.gob.gt\/index.php?rest_route=%2Fwp%2Fv2%2Fcomments&post=22258"}],"version-history":[{"count":1,"href":"https:\/\/gobernacionaltaverapaz.gob.gt\/index.php?rest_route=\/wp\/v2\/posts\/22258\/revisions"}],"predecessor-version":[{"id":22259,"href":"https:\/\/gobernacionaltaverapaz.gob.gt\/index.php?rest_route=\/wp\/v2\/posts\/22258\/revisions\/22259"}],"wp:featuredmedia":[{"embeddable":true,"href":"https:\/\/gobernacionaltaverapaz.gob.gt\/index.php?rest_route=\/wp\/v2\/media\/22251"}],"wp:attachment":[{"href":"https:\/\/gobernacionaltaverapaz.gob.gt\/index.php?rest_route=%2Fwp%2Fv2%2Fmedia&parent=22258"}],"wp:term":[{"taxonomy":"category","embeddable":true,"href":"https:\/\/gobernacionaltaverapaz.gob.gt\/index.php?rest_route=%2Fwp%2Fv2%2Fcategories&post=22258"},{"taxonomy":"post_tag","embeddable":true,"href":"https:\/\/gobernacionaltaverapaz.gob.gt\/index.php?rest_route=%2Fwp%2Fv2%2Ftags&post=22258"}],"curies":[{"name":"wp","href":"https:\/\/api.w.org\/{rel}","templated":true}]}}