{"id":22272,"date":"2025-04-21T09:59:54","date_gmt":"2025-04-21T15:59:54","guid":{"rendered":"https:\/\/gobernacionaltaverapaz.gob.gt\/?p=22272"},"modified":"2025-05-07T01:35:18","modified_gmt":"2025-05-07T07:35:18","slug":"16-convenios-firmados-para-el-desarrollo-de-alta-verapaz","status":"publish","type":"post","link":"https:\/\/gobernacionaltaverapaz.gob.gt\/?p=22272","title":{"rendered":"16 convenios firmados para el desarrollo de Alta Verapaz"},"content":{"rendered":"<div class=\"x11i5rnm xat24cr x1mh8g0r x1vvkbs xtlvy1s x126k92a\">\n<div dir=\"auto\" style=\"text-align: justify;\">La Gobernadora Departamental y los Alcaldes Municipales firmaron 16 convenios importantes que permitir\u00e1n mejorar escuelas, caminos e institutos en diferentes comunidades del departamento.<\/div>\n<\/div>\n<div class=\"x11i5rnm xat24cr x1mh8g0r x1vvkbs xtlvy1s x126k92a\" style=\"text-align: justify;\">\n<div dir=\"auto\">Con estos proyectos se fortalecer\u00e1 la educaci\u00f3n, el acceso y el desarrollo en el departamento.<\/div>\n<\/div>\n<div class=\"x11i5rnm xat24cr x1mh8g0r x1vvkbs xtlvy1s x126k92a\" style=\"text-align: justify;\">\n<div dir=\"auto\">Convenio 01-2025: Mejoramiento de escuela en aldea Nueva Libertad \u2013 Fray<\/div>\n<div dir=\"auto\">Convenio 02-2025: Mejoramiento de camino rural en aldea Nueva Libertad \u2013 Fray<\/div>\n<div dir=\"auto\">Convenio 03-2025: Mejoramiento de escuela en caser\u00edo Sesincheu \u2013 Fray<\/div>\n<div dir=\"auto\">Convenio 04-2025: Ampliaci\u00f3n del Instituto Emilio Rosales Ponce \u2013 Cob\u00e1n<\/div>\n<div dir=\"auto\">Convenio 05-2025: Construcci\u00f3n de instituto en aldea Choval \u2013 Cob\u00e1n<\/div>\n<div dir=\"auto\">Convenio 06-2025: Ampliaci\u00f3n del Centro Universitario CUNOR \u2013 Cob\u00e1n<\/div>\n<div dir=\"auto\">Convenio 07-2025: Mejoramiento de camino en caser\u00edo El Desconsuelo \u2013 Chahal<\/div>\n<div dir=\"auto\">Convenio 08-2025: Mejoramiento de escuela en aldea Chajmaic \u2013 Fray<\/div>\n<div dir=\"auto\">Convenio 09-2025: Mejoramiento de escuela en aldea Santa Isabel La Isla \u2013 Fray<\/div>\n<div dir=\"auto\">Convenio 10-2025: Ampliaci\u00f3n de escuela en aldea San Marcos \u2013 Chamelco<\/div>\n<div dir=\"auto\">Convenio 11-2025: Mejoramiento de camino entre caser\u00edos R\u00edo Fr\u00edo y Agua Fr\u00eda \u2013 Tactic<\/div>\n<div dir=\"auto\">Convenio 12-2025 Mejoramiento camino Caser\u00edo el Chorro Tactic<\/div>\n<div dir=\"auto\">Convenio 13-2025 Mejoramiento camino aldea las Pacayas San Crist\u00f3bal Verapaz<\/div>\n<div dir=\"auto\">Convenio 14-2025 Mejoramiento camino Caser\u00edo Chicuz San Crist\u00f3bal Verapaz<\/div>\n<div dir=\"auto\">Convenio 15-2025 Mejoramiento camino Aldea Chajcoal hacia aldea Santa Catalina Chajaneb Chamelco<\/div>\n<div dir=\"auto\">Convenio 16-2025 Construcci\u00f3n instituto Aldea Sonte Cob\u00e1n<\/div>\n<\/div>\n<div class=\"x11i5rnm xat24cr x1mh8g0r x1vvkbs xtlvy1s x126k92a\">\n<div dir=\"auto\" style=\"text-align: justify;\">M\u00e1s educaci\u00f3n, mejores caminos y oportunidades para nuestra gente. Porque el pueblo digno es primero.<\/div>\n<\/div>\n<p>&nbsp;<\/p>\n<div><\/div>\n","protected":false},"excerpt":{"rendered":"<p>La Gobernadora Departamental y los Alcaldes Municipales firmaron 16 convenios importantes que permitir\u00e1n mejorar escuelas, caminos e institutos en diferentes comunidades del departamento. Con estos proyectos se fortalecer\u00e1 la educaci\u00f3n, el acceso y el desarrollo en el departamento. Convenio 01-2025: Mejoramiento de escuela en aldea Nueva Libertad \u2013 Fray Convenio 02-2025: Mejoramiento de camino rural [&hellip;]<\/p>\n","protected":false},"author":1,"featured_media":22260,"comment_status":"closed","ping_status":"open","sticky":false,"template":"","format":"gallery","meta":[],"categories":[183],"tags":[178],"_links":{"self":[{"href":"https:\/\/gobernacionaltaverapaz.gob.gt\/index.php?rest_route=\/wp\/v2\/posts\/22272"}],"collection":[{"href":"https:\/\/gobernacionaltaverapaz.gob.gt\/index.php?rest_route=\/wp\/v2\/posts"}],"about":[{"href":"https:\/\/gobernacionaltaverapaz.gob.gt\/index.php?rest_route=\/wp\/v2\/types\/post"}],"author":[{"embeddable":true,"href":"https:\/\/gobernacionaltaverapaz.gob.gt\/index.php?rest_route=\/wp\/v2\/users\/1"}],"replies":[{"embeddable":true,"href":"https:\/\/gobernacionaltaverapaz.gob.gt\/index.php?rest_route=%2Fwp%2Fv2%2Fcomments&post=22272"}],"version-history":[{"count":1,"href":"https:\/\/gobernacionaltaverapaz.gob.gt\/index.php?rest_route=\/wp\/v2\/posts\/22272\/revisions"}],"predecessor-version":[{"id":22273,"href":"https:\/\/gobernacionaltaverapaz.gob.gt\/index.php?rest_route=\/wp\/v2\/posts\/22272\/revisions\/22273"}],"wp:featuredmedia":[{"embeddable":true,"href":"https:\/\/gobernacionaltaverapaz.gob.gt\/index.php?rest_route=\/wp\/v2\/media\/22260"}],"wp:attachment":[{"href":"https:\/\/gobernacionaltaverapaz.gob.gt\/index.php?rest_route=%2Fwp%2Fv2%2Fmedia&parent=22272"}],"wp:term":[{"taxonomy":"category","embeddable":true,"href":"https:\/\/gobernacionaltaverapaz.gob.gt\/index.php?rest_route=%2Fwp%2Fv2%2Fcategories&post=22272"},{"taxonomy":"post_tag","embeddable":true,"href":"https:\/\/gobernacionaltaverapaz.gob.gt\/index.php?rest_route=%2Fwp%2Fv2%2Ftags&post=22272"}],"curies":[{"name":"wp","href":"https:\/\/api.w.org\/{rel}","templated":true}]}}