{"id":22286,"date":"2025-04-23T07:50:52","date_gmt":"2025-04-23T13:50:52","guid":{"rendered":"https:\/\/gobernacionaltaverapaz.gob.gt\/?p=22286"},"modified":"2025-05-07T01:46:11","modified_gmt":"2025-05-07T07:46:11","slug":"dia-mundial-de-la-tierra","status":"publish","type":"post","link":"https:\/\/gobernacionaltaverapaz.gob.gt\/?p=22286","title":{"rendered":"D\u00eda Mundial de la Tierra"},"content":{"rendered":"<div class=\"x11i5rnm xat24cr x1mh8g0r x1vvkbs xtlvy1s x126k92a\">\n<div dir=\"auto\" style=\"text-align: justify;\">En conmemoraci\u00f3n del D\u00eda Mundial de la Tierra, se realiz\u00f3 el IV Foro Ambiental: Conservaci\u00f3n de Bosques y Prevenci\u00f3n de Incendios Forestales en San Pedro Carch\u00e1, Alta Verapaz, Guatemala. El evento reuni\u00f3 a representantes de diversas instituciones para abordar temas clave como la prevenci\u00f3n de incendios forestales, la protecci\u00f3n de bosques y la conservaci\u00f3n de la biodiversidad.<\/div>\n<\/div>\n<div class=\"x11i5rnm xat24cr x1mh8g0r x1vvkbs xtlvy1s x126k92a\" style=\"text-align: justify;\">\n<div dir=\"auto\">Durante la jornada se ofrecieron conferencias t\u00e9cnicas y exposiciones, fomentando el intercambio de conocimientos sobre gesti\u00f3n ambiental y desarrollo sostenible. Se resalt\u00f3 la importancia de fortalecer la cooperaci\u00f3n interinstitucional y comunitaria en la protecci\u00f3n de los recursos naturales.<\/div>\n<\/div>\n<div class=\"x11i5rnm xat24cr x1mh8g0r x1vvkbs xtlvy1s x126k92a\">\n<div dir=\"auto\" style=\"text-align: justify;\">El Foro concluy\u00f3 con la firma de la Declaratoria de Cooperaci\u00f3n Intersectorial, bajo el marco de la Ley Forestal Decreto 101-96, consolidando compromisos concretos para la conservaci\u00f3n de los bosques y la prevenci\u00f3n de incendios forestales en el pa\u00eds.<\/div>\n<\/div>\n<p>&nbsp;<\/p>\n<div><\/div>\n<p>&nbsp;<\/p>\n<p>&nbsp;<\/p>\n<p><a href=\"https:\/\/www.facebook.com\/photo\/?fbid=1113723044129239&amp;set=pcb.1113723297462547\"><img decoding=\"async\" loading=\"lazy\" class=\"alignnone wp-image-22091 size-full\" title=\"Ver galer\u00eda en Facebook\" src=\"https:\/\/gobernacionaltaverapaz.gob.gt\/wp-content\/uploads\/2025\/05\/galeria.jpg\" alt=\"\" width=\"215\" height=\"71\" \/><\/a><\/p>\n","protected":false},"excerpt":{"rendered":"<p>En conmemoraci\u00f3n del D\u00eda Mundial de la Tierra, se realiz\u00f3 el IV Foro Ambiental: Conservaci\u00f3n de Bosques y Prevenci\u00f3n de Incendios Forestales en San Pedro Carch\u00e1, Alta Verapaz, Guatemala. El evento reuni\u00f3 a representantes de diversas instituciones para abordar temas clave como la prevenci\u00f3n de incendios forestales, la protecci\u00f3n de bosques y la conservaci\u00f3n de [&hellip;]<\/p>\n","protected":false},"author":1,"featured_media":22274,"comment_status":"closed","ping_status":"open","sticky":false,"template":"","format":"gallery","meta":[],"categories":[183],"tags":[178],"_links":{"self":[{"href":"https:\/\/gobernacionaltaverapaz.gob.gt\/index.php?rest_route=\/wp\/v2\/posts\/22286"}],"collection":[{"href":"https:\/\/gobernacionaltaverapaz.gob.gt\/index.php?rest_route=\/wp\/v2\/posts"}],"about":[{"href":"https:\/\/gobernacionaltaverapaz.gob.gt\/index.php?rest_route=\/wp\/v2\/types\/post"}],"author":[{"embeddable":true,"href":"https:\/\/gobernacionaltaverapaz.gob.gt\/index.php?rest_route=\/wp\/v2\/users\/1"}],"replies":[{"embeddable":true,"href":"https:\/\/gobernacionaltaverapaz.gob.gt\/index.php?rest_route=%2Fwp%2Fv2%2Fcomments&post=22286"}],"version-history":[{"count":1,"href":"https:\/\/gobernacionaltaverapaz.gob.gt\/index.php?rest_route=\/wp\/v2\/posts\/22286\/revisions"}],"predecessor-version":[{"id":22287,"href":"https:\/\/gobernacionaltaverapaz.gob.gt\/index.php?rest_route=\/wp\/v2\/posts\/22286\/revisions\/22287"}],"wp:featuredmedia":[{"embeddable":true,"href":"https:\/\/gobernacionaltaverapaz.gob.gt\/index.php?rest_route=\/wp\/v2\/media\/22274"}],"wp:attachment":[{"href":"https:\/\/gobernacionaltaverapaz.gob.gt\/index.php?rest_route=%2Fwp%2Fv2%2Fmedia&parent=22286"}],"wp:term":[{"taxonomy":"category","embeddable":true,"href":"https:\/\/gobernacionaltaverapaz.gob.gt\/index.php?rest_route=%2Fwp%2Fv2%2Fcategories&post=22286"},{"taxonomy":"post_tag","embeddable":true,"href":"https:\/\/gobernacionaltaverapaz.gob.gt\/index.php?rest_route=%2Fwp%2Fv2%2Ftags&post=22286"}],"curies":[{"name":"wp","href":"https:\/\/api.w.org\/{rel}","templated":true}]}}