{"id":22296,"date":"2025-04-23T09:03:56","date_gmt":"2025-04-23T15:03:56","guid":{"rendered":"https:\/\/gobernacionaltaverapaz.gob.gt\/?p=22296"},"modified":"2025-05-07T01:54:32","modified_gmt":"2025-05-07T07:54:32","slug":"programa-mano-a-mano-una-iniciativa-intersectorial-orientada-a-reducir-la-pobreza-y-la-malnutricion","status":"publish","type":"post","link":"https:\/\/gobernacionaltaverapaz.gob.gt\/?p=22296","title":{"rendered":"Programa \u201cMano a Mano\u201d, una iniciativa intersectorial orientada a reducir la pobreza y la malnutrici\u00f3n"},"content":{"rendered":"<div class=\"xdj266r x11i5rnm xat24cr x1mh8g0r x1vvkbs x126k92a\">\n<div dir=\"auto\" style=\"text-align: justify;\">El Ministro de Desarrollo Social, Abelardo Pinto, realiz\u00f3 una visita oficial al Departamento de Alta Verapaz, donde sostuvo una reuni\u00f3n t\u00e9cnica. Durante el encuentro se presentaron los detalles del programa \u201cMano a Mano\u201d, una iniciativa intersectorial orientada a reducir la pobreza y la malnutrici\u00f3n.<\/div>\n<\/div>\n<div class=\"x11i5rnm xat24cr x1mh8g0r x1vvkbs xtlvy1s x126k92a\" style=\"text-align: justify;\">\n<div dir=\"auto\">La reuni\u00f3n permiti\u00f3 conocer los avances, las l\u00edneas de intervenci\u00f3n y los municipios priorizados en el departamento, con base en los datos del Registro Social de Hogares. El programa trabaja de forma coordinada para mejorar el acceso a salud, educaci\u00f3n, alimentaci\u00f3n, vivienda digna y oportunidades econ\u00f3micas.<\/div>\n<\/div>\n<div class=\"x11i5rnm xat24cr x1mh8g0r x1vvkbs xtlvy1s x126k92a\">\n<div dir=\"auto\" style=\"text-align: justify;\">Esta articulaci\u00f3n reafirma el compromiso del MIDES con el desarrollo integral de las familias guatemaltecas que m\u00e1s lo necesitan.<\/div>\n<\/div>\n<p>&nbsp;<\/p>\n<div><\/div>\n","protected":false},"excerpt":{"rendered":"<p>El Ministro de Desarrollo Social, Abelardo Pinto, realiz\u00f3 una visita oficial al Departamento de Alta Verapaz, donde sostuvo una reuni\u00f3n t\u00e9cnica. Durante el encuentro se presentaron los detalles del programa \u201cMano a Mano\u201d, una iniciativa intersectorial orientada a reducir la pobreza y la malnutrici\u00f3n. La reuni\u00f3n permiti\u00f3 conocer los avances, las l\u00edneas de intervenci\u00f3n y [&hellip;]<\/p>\n","protected":false},"author":1,"featured_media":22288,"comment_status":"closed","ping_status":"open","sticky":false,"template":"","format":"gallery","meta":[],"categories":[183],"tags":[178],"_links":{"self":[{"href":"https:\/\/gobernacionaltaverapaz.gob.gt\/index.php?rest_route=\/wp\/v2\/posts\/22296"}],"collection":[{"href":"https:\/\/gobernacionaltaverapaz.gob.gt\/index.php?rest_route=\/wp\/v2\/posts"}],"about":[{"href":"https:\/\/gobernacionaltaverapaz.gob.gt\/index.php?rest_route=\/wp\/v2\/types\/post"}],"author":[{"embeddable":true,"href":"https:\/\/gobernacionaltaverapaz.gob.gt\/index.php?rest_route=\/wp\/v2\/users\/1"}],"replies":[{"embeddable":true,"href":"https:\/\/gobernacionaltaverapaz.gob.gt\/index.php?rest_route=%2Fwp%2Fv2%2Fcomments&post=22296"}],"version-history":[{"count":1,"href":"https:\/\/gobernacionaltaverapaz.gob.gt\/index.php?rest_route=\/wp\/v2\/posts\/22296\/revisions"}],"predecessor-version":[{"id":22297,"href":"https:\/\/gobernacionaltaverapaz.gob.gt\/index.php?rest_route=\/wp\/v2\/posts\/22296\/revisions\/22297"}],"wp:featuredmedia":[{"embeddable":true,"href":"https:\/\/gobernacionaltaverapaz.gob.gt\/index.php?rest_route=\/wp\/v2\/media\/22288"}],"wp:attachment":[{"href":"https:\/\/gobernacionaltaverapaz.gob.gt\/index.php?rest_route=%2Fwp%2Fv2%2Fmedia&parent=22296"}],"wp:term":[{"taxonomy":"category","embeddable":true,"href":"https:\/\/gobernacionaltaverapaz.gob.gt\/index.php?rest_route=%2Fwp%2Fv2%2Fcategories&post=22296"},{"taxonomy":"post_tag","embeddable":true,"href":"https:\/\/gobernacionaltaverapaz.gob.gt\/index.php?rest_route=%2Fwp%2Fv2%2Ftags&post=22296"}],"curies":[{"name":"wp","href":"https:\/\/api.w.org\/{rel}","templated":true}]}}