{"id":22312,"date":"2025-04-28T14:56:18","date_gmt":"2025-04-28T20:56:18","guid":{"rendered":"https:\/\/gobernacionaltaverapaz.gob.gt\/?p=22312"},"modified":"2025-05-07T02:02:55","modified_gmt":"2025-05-07T08:02:55","slug":"festival-floraao-2025","status":"publish","type":"post","link":"https:\/\/gobernacionaltaverapaz.gob.gt\/?p=22312","title":{"rendered":"Festival Floraao 2025"},"content":{"rendered":"<div class=\"x11i5rnm xat24cr x1mh8g0r x1vvkbs xtlvy1s x126k92a\">\n<div dir=\"auto\" style=\"text-align: justify;\">El pasado s\u00e1bado se llev\u00f3 a cabo el 4to Festival Floraao, en el Parque Central La Paz de Cob\u00e1n, Alta Verapaz.<\/div>\n<\/div>\n<div class=\"x11i5rnm xat24cr x1mh8g0r x1vvkbs xtlvy1s x126k92a\" style=\"text-align: justify;\">\n<div dir=\"auto\">La Gobernaci\u00f3n Departamental de Alta Verapaz, junto con las municipalidades, organizaciones y empresas privadas, participaron activamente y dio acompa\u00f1amiento de este importante evento que llen\u00f3 de color y vida el coraz\u00f3n de Cob\u00e1n.<\/div>\n<\/div>\n<div class=\"x11i5rnm xat24cr x1mh8g0r x1vvkbs xtlvy1s x126k92a\">\n<div dir=\"auto\" style=\"text-align: justify;\">Gracias a la uni\u00f3n de esfuerzos, el Parque Central se transform\u00f3 en un espacio de arte y cultura, resaltando nuestra identidad verapacense y promoviendo el turismo local.<\/div>\n<\/div>\n<p>&nbsp;<\/p>\n<div><\/div>\n","protected":false},"excerpt":{"rendered":"<p>El pasado s\u00e1bado se llev\u00f3 a cabo el 4to Festival Floraao, en el Parque Central La Paz de Cob\u00e1n, Alta Verapaz. La Gobernaci\u00f3n Departamental de Alta Verapaz, junto con las municipalidades, organizaciones y empresas privadas, participaron activamente y dio acompa\u00f1amiento de este importante evento que llen\u00f3 de color y vida el coraz\u00f3n de Cob\u00e1n. Gracias [&hellip;]<\/p>\n","protected":false},"author":1,"featured_media":22298,"comment_status":"closed","ping_status":"open","sticky":false,"template":"","format":"gallery","meta":[],"categories":[183],"tags":[178],"_links":{"self":[{"href":"https:\/\/gobernacionaltaverapaz.gob.gt\/index.php?rest_route=\/wp\/v2\/posts\/22312"}],"collection":[{"href":"https:\/\/gobernacionaltaverapaz.gob.gt\/index.php?rest_route=\/wp\/v2\/posts"}],"about":[{"href":"https:\/\/gobernacionaltaverapaz.gob.gt\/index.php?rest_route=\/wp\/v2\/types\/post"}],"author":[{"embeddable":true,"href":"https:\/\/gobernacionaltaverapaz.gob.gt\/index.php?rest_route=\/wp\/v2\/users\/1"}],"replies":[{"embeddable":true,"href":"https:\/\/gobernacionaltaverapaz.gob.gt\/index.php?rest_route=%2Fwp%2Fv2%2Fcomments&post=22312"}],"version-history":[{"count":1,"href":"https:\/\/gobernacionaltaverapaz.gob.gt\/index.php?rest_route=\/wp\/v2\/posts\/22312\/revisions"}],"predecessor-version":[{"id":22313,"href":"https:\/\/gobernacionaltaverapaz.gob.gt\/index.php?rest_route=\/wp\/v2\/posts\/22312\/revisions\/22313"}],"wp:featuredmedia":[{"embeddable":true,"href":"https:\/\/gobernacionaltaverapaz.gob.gt\/index.php?rest_route=\/wp\/v2\/media\/22298"}],"wp:attachment":[{"href":"https:\/\/gobernacionaltaverapaz.gob.gt\/index.php?rest_route=%2Fwp%2Fv2%2Fmedia&parent=22312"}],"wp:term":[{"taxonomy":"category","embeddable":true,"href":"https:\/\/gobernacionaltaverapaz.gob.gt\/index.php?rest_route=%2Fwp%2Fv2%2Fcategories&post=22312"},{"taxonomy":"post_tag","embeddable":true,"href":"https:\/\/gobernacionaltaverapaz.gob.gt\/index.php?rest_route=%2Fwp%2Fv2%2Ftags&post=22312"}],"curies":[{"name":"wp","href":"https:\/\/api.w.org\/{rel}","templated":true}]}}