{"id":22352,"date":"2025-04-30T12:30:00","date_gmt":"2025-04-30T18:30:00","guid":{"rendered":"https:\/\/gobernacionaltaverapaz.gob.gt\/?p=22352"},"modified":"2025-05-07T10:02:14","modified_gmt":"2025-05-07T16:02:14","slug":"alta-verapaz-aporta-su-experiencia-en-dialogo-con-donantes-internacionales","status":"publish","type":"post","link":"https:\/\/gobernacionaltaverapaz.gob.gt\/?p=22352","title":{"rendered":"Alta Verapaz aporta su experiencia en di\u00e1logo con donantes internacionales"},"content":{"rendered":"<div class=\"x11i5rnm xat24cr x1mh8g0r x1vvkbs xtlvy1s x126k92a\">\n<div dir=\"auto\" style=\"text-align: justify;\">La Gobernadora Departamental de Alta Verapaz, Dilia Margarita C\u00f3 Coy, particip\u00f3 en la reuni\u00f3n del Grupo de Di\u00e1logo del G13, integrada por pa\u00edses cooperantes y organismos internacionales como la Uni\u00f3n Europea, el BID y el Sistema de Naciones Unidas. El tema central fue c\u00f3mo fortalecer la cooperaci\u00f3n al desarrollo mediante una descentralizaci\u00f3n efectiva, con \u00e9nfasis en el rol de los gobernadores, las municipalidades y las comunidades.<\/div>\n<\/div>\n<div class=\"x11i5rnm xat24cr x1mh8g0r x1vvkbs xtlvy1s x126k92a\" style=\"text-align: justify;\">\n<div dir=\"auto\">En el di\u00e1logo se abordaron temas clave como:<\/div>\n<\/div>\n<div class=\"x11i5rnm xat24cr x1mh8g0r x1vvkbs xtlvy1s x126k92a\" style=\"text-align: justify;\">\n<div dir=\"auto\">-El uso eficiente de los fondos de cooperaci\u00f3n<\/div>\n<div dir=\"auto\">-El fortalecimiento de las capacidades locales,<\/div>\n<div dir=\"auto\">-Las soluciones financieras para zonas rurales, y la importancia de mejorar la coordinaci\u00f3n entre el gobierno central y las autoridades locales.<\/div>\n<\/div>\n<div class=\"x11i5rnm xat24cr x1mh8g0r x1vvkbs xtlvy1s x126k92a\" style=\"text-align: justify;\">\n<div dir=\"auto\">La Gobernadora comparti\u00f3 los avances logrados en Alta Verapaz, destacando la necesidad de escuchar a las comunidades para que el desarrollo tenga rostro humano y llegue donde m\u00e1s se necesita.<\/div>\n<\/div>\n<div class=\"x11i5rnm xat24cr x1mh8g0r x1vvkbs xtlvy1s x126k92a\">\n<div dir=\"auto\" style=\"text-align: justify;\">Desde Alta Verapaz reafirmamos nuestra disposici\u00f3n de seguir trabajando de forma articulada con todos los sectores para mejorar la calidad de vida de nuestra poblaci\u00f3n.<\/div>\n<\/div>\n<p>&nbsp;<\/p>\n<p>&nbsp;<\/p>\n<div><\/div>\n","protected":false},"excerpt":{"rendered":"<p>La Gobernadora Departamental de Alta Verapaz, Dilia Margarita C\u00f3 Coy, particip\u00f3 en la reuni\u00f3n del Grupo de Di\u00e1logo del G13, integrada por pa\u00edses cooperantes y organismos internacionales como la Uni\u00f3n Europea, el BID y el Sistema de Naciones Unidas. El tema central fue c\u00f3mo fortalecer la cooperaci\u00f3n al desarrollo mediante una descentralizaci\u00f3n efectiva, con \u00e9nfasis [&hellip;]<\/p>\n","protected":false},"author":1,"featured_media":22348,"comment_status":"closed","ping_status":"open","sticky":false,"template":"","format":"gallery","meta":[],"categories":[183],"tags":[178],"_links":{"self":[{"href":"https:\/\/gobernacionaltaverapaz.gob.gt\/index.php?rest_route=\/wp\/v2\/posts\/22352"}],"collection":[{"href":"https:\/\/gobernacionaltaverapaz.gob.gt\/index.php?rest_route=\/wp\/v2\/posts"}],"about":[{"href":"https:\/\/gobernacionaltaverapaz.gob.gt\/index.php?rest_route=\/wp\/v2\/types\/post"}],"author":[{"embeddable":true,"href":"https:\/\/gobernacionaltaverapaz.gob.gt\/index.php?rest_route=\/wp\/v2\/users\/1"}],"replies":[{"embeddable":true,"href":"https:\/\/gobernacionaltaverapaz.gob.gt\/index.php?rest_route=%2Fwp%2Fv2%2Fcomments&post=22352"}],"version-history":[{"count":1,"href":"https:\/\/gobernacionaltaverapaz.gob.gt\/index.php?rest_route=\/wp\/v2\/posts\/22352\/revisions"}],"predecessor-version":[{"id":22353,"href":"https:\/\/gobernacionaltaverapaz.gob.gt\/index.php?rest_route=\/wp\/v2\/posts\/22352\/revisions\/22353"}],"wp:featuredmedia":[{"embeddable":true,"href":"https:\/\/gobernacionaltaverapaz.gob.gt\/index.php?rest_route=\/wp\/v2\/media\/22348"}],"wp:attachment":[{"href":"https:\/\/gobernacionaltaverapaz.gob.gt\/index.php?rest_route=%2Fwp%2Fv2%2Fmedia&parent=22352"}],"wp:term":[{"taxonomy":"category","embeddable":true,"href":"https:\/\/gobernacionaltaverapaz.gob.gt\/index.php?rest_route=%2Fwp%2Fv2%2Fcategories&post=22352"},{"taxonomy":"post_tag","embeddable":true,"href":"https:\/\/gobernacionaltaverapaz.gob.gt\/index.php?rest_route=%2Fwp%2Fv2%2Ftags&post=22352"}],"curies":[{"name":"wp","href":"https:\/\/api.w.org\/{rel}","templated":true}]}}