{"id":22378,"date":"2025-05-05T13:25:47","date_gmt":"2025-05-05T19:25:47","guid":{"rendered":"https:\/\/gobernacionaltaverapaz.gob.gt\/?p=22378"},"modified":"2025-05-07T10:58:05","modified_gmt":"2025-05-07T16:58:05","slug":"mejoramiento-de-la-escuela-primaria-caserio-la-cresta","status":"publish","type":"post","link":"https:\/\/gobernacionaltaverapaz.gob.gt\/?p=22378","title":{"rendered":"Mejoramiento de la Escuela Primaria Caser\u00edo La Cresta"},"content":{"rendered":"<div class=\"xdj266r x11i5rnm xat24cr x1mh8g0r x1vvkbs x126k92a\">\n<div dir=\"auto\" style=\"text-align: justify;\">El d\u00eda Jueves 01 de Mayo, el proyecto de mejoramiento de la Escuela Primaria Caser\u00edo La Cresta, fu\u00e9 entregado beneficiando a 630 personas con espacios seguros y adecuados para la educaci\u00f3n de ni\u00f1as y ni\u00f1os.<\/div>\n<\/div>\n<div class=\"x11i5rnm xat24cr x1mh8g0r x1vvkbs xtlvy1s x126k92a\" style=\"text-align: justify;\">\n<div dir=\"auto\">&#8211; Inversi\u00f3n total: Q. 2,330,000.00<\/div>\n<div dir=\"auto\">&#8211; Financiado por el Consejo Departamental de Desarrollo y la Municipalidad de Cahab\u00f3n.<\/div>\n<\/div>\n<div class=\"x11i5rnm xat24cr x1mh8g0r x1vvkbs xtlvy1s x126k92a\" style=\"text-align: justify;\">\n<div dir=\"auto\">El Se\u00f1or Alcalde Municipal de Cahab\u00f3n destac\u00f3 durante el acto de inauguraci\u00f3n que este proyecto es una muestra del trabajo coordinado, enfocado en brindar mejores condiciones a las comunidades que por a\u00f1os han esperado atenci\u00f3n.<\/div>\n<\/div>\n<div class=\"x11i5rnm xat24cr x1mh8g0r x1vvkbs xtlvy1s x126k92a\" style=\"text-align: justify;\">\n<div dir=\"auto\">La Gobernadora Dilia Margarita C\u00f3 Coy reiter\u00f3 que este gobierno est\u00e1 decidido a llegar a las comunidades m\u00e1s olvidadas, como lo ha instruido el presidente Bernardo Ar\u00e9valo. \u201cEstamos aqu\u00ed porque sabemos lo que hace falta y porque ahora s\u00ed se est\u00e1 escuchando a la gente\u201d, se\u00f1al\u00f3.<\/div>\n<\/div>\n<div class=\"x11i5rnm xat24cr x1mh8g0r x1vvkbs xtlvy1s x126k92a\">\n<div dir=\"auto\" style=\"text-align: justify;\">Seguimos trabajando por un Alta Verapaz con m\u00e1s oportunidades y servicios para todos. La educaci\u00f3n es la base del cambio, y hoy lo estamos haciendo realidad en el Municipio de Cahab\u00f3n.<\/div>\n<\/div>\n<p>&nbsp;<\/p>\n<p>&nbsp;<\/p>\n<div><\/div>\n","protected":false},"excerpt":{"rendered":"<p>El d\u00eda Jueves 01 de Mayo, el proyecto de mejoramiento de la Escuela Primaria Caser\u00edo La Cresta, fu\u00e9 entregado beneficiando a 630 personas con espacios seguros y adecuados para la educaci\u00f3n de ni\u00f1as y ni\u00f1os. &#8211; Inversi\u00f3n total: Q. 2,330,000.00 &#8211; Financiado por el Consejo Departamental de Desarrollo y la Municipalidad de Cahab\u00f3n. El Se\u00f1or [&hellip;]<\/p>\n","protected":false},"author":1,"featured_media":22367,"comment_status":"closed","ping_status":"open","sticky":false,"template":"","format":"gallery","meta":[],"categories":[2,195],"tags":[178],"_links":{"self":[{"href":"https:\/\/gobernacionaltaverapaz.gob.gt\/index.php?rest_route=\/wp\/v2\/posts\/22378"}],"collection":[{"href":"https:\/\/gobernacionaltaverapaz.gob.gt\/index.php?rest_route=\/wp\/v2\/posts"}],"about":[{"href":"https:\/\/gobernacionaltaverapaz.gob.gt\/index.php?rest_route=\/wp\/v2\/types\/post"}],"author":[{"embeddable":true,"href":"https:\/\/gobernacionaltaverapaz.gob.gt\/index.php?rest_route=\/wp\/v2\/users\/1"}],"replies":[{"embeddable":true,"href":"https:\/\/gobernacionaltaverapaz.gob.gt\/index.php?rest_route=%2Fwp%2Fv2%2Fcomments&post=22378"}],"version-history":[{"count":1,"href":"https:\/\/gobernacionaltaverapaz.gob.gt\/index.php?rest_route=\/wp\/v2\/posts\/22378\/revisions"}],"predecessor-version":[{"id":22379,"href":"https:\/\/gobernacionaltaverapaz.gob.gt\/index.php?rest_route=\/wp\/v2\/posts\/22378\/revisions\/22379"}],"wp:featuredmedia":[{"embeddable":true,"href":"https:\/\/gobernacionaltaverapaz.gob.gt\/index.php?rest_route=\/wp\/v2\/media\/22367"}],"wp:attachment":[{"href":"https:\/\/gobernacionaltaverapaz.gob.gt\/index.php?rest_route=%2Fwp%2Fv2%2Fmedia&parent=22378"}],"wp:term":[{"taxonomy":"category","embeddable":true,"href":"https:\/\/gobernacionaltaverapaz.gob.gt\/index.php?rest_route=%2Fwp%2Fv2%2Fcategories&post=22378"},{"taxonomy":"post_tag","embeddable":true,"href":"https:\/\/gobernacionaltaverapaz.gob.gt\/index.php?rest_route=%2Fwp%2Fv2%2Ftags&post=22378"}],"curies":[{"name":"wp","href":"https:\/\/api.w.org\/{rel}","templated":true}]}}