{"id":22391,"date":"2025-05-06T16:44:41","date_gmt":"2025-05-06T22:44:41","guid":{"rendered":"https:\/\/gobernacionaltaverapaz.gob.gt\/?p=22391"},"modified":"2025-05-07T11:11:27","modified_gmt":"2025-05-07T17:11:27","slug":"expectativas-de-desarrollo-en-el-departamento-de-alta-verapaz","status":"publish","type":"post","link":"https:\/\/gobernacionaltaverapaz.gob.gt\/?p=22391","title":{"rendered":"Expectativas de Desarrollo en el Departamento de Alta Verapaz"},"content":{"rendered":"<div class=\"xdj266r x11i5rnm xat24cr x1mh8g0r x1vvkbs x126k92a\">\n<div dir=\"auto\" style=\"text-align: justify;\">El martes 6 de mayo se llev\u00f3 a cabo en la Tribuna \u201cMonja Blanca\u201d de Cob\u00e1n un importante foro organizado por la Universidad Mariano G\u00e1lvez, en donde participaron diferentes instituciones:<\/div>\n<\/div>\n<div class=\"x11i5rnm xat24cr x1mh8g0r x1vvkbs xtlvy1s x126k92a\" style=\"text-align: justify;\">\n<div dir=\"auto\">Gobernaci\u00f3n Departamental de Alta Verapaz, que present\u00f3 los avances en gobernabilidad, atenci\u00f3n a conflictos y apoyo a comunidades hist\u00f3ricamente olvidadas.<\/div>\n<div dir=\"auto\">Polic\u00eda Nacional Civil (PNC), que destac\u00f3 su trabajo de prevenci\u00f3n del delito, patrullajes y acercamiento comunitario.<\/div>\n<div dir=\"auto\">MAGA, que expuso sus programas de apoyo a peque\u00f1os agricultores y asistencia t\u00e9cnica en el \u00e1rea rural.<\/div>\n<div dir=\"auto\">MINEDUC, que habl\u00f3 sobre ampliaci\u00f3n de cobertura educativa y apoyo a estudiantes en \u00e1reas de dif\u00edcil acceso.<\/div>\n<div dir=\"auto\">MSPAS, que comparti\u00f3 sus acciones en salud preventiva y brigadas comunitarias.<\/div>\n<div dir=\"auto\">Hospital Regional de Cob\u00e1n, que inform\u00f3 sobre mejoras en atenci\u00f3n m\u00e9dica y servicios a la poblaci\u00f3n.<\/div>\n<\/div>\n<div class=\"x11i5rnm xat24cr x1mh8g0r x1vvkbs xtlvy1s x126k92a\">\n<div dir=\"auto\" style=\"text-align: justify;\">La Gobernadora Dilia Margarita C\u00f3 Coy reafirm\u00f3 el compromiso del Gobierno del Presidente Bernardo Ar\u00e9valo de estar cerca de la gente y de seguir trabajando con transparencia, di\u00e1logo y coordinaci\u00f3n.<\/div>\n<\/div>\n<p>&nbsp;<\/p>\n<div><\/div>\n","protected":false},"excerpt":{"rendered":"<p>El martes 6 de mayo se llev\u00f3 a cabo en la Tribuna \u201cMonja Blanca\u201d de Cob\u00e1n un importante foro organizado por la Universidad Mariano G\u00e1lvez, en donde participaron diferentes instituciones: Gobernaci\u00f3n Departamental de Alta Verapaz, que present\u00f3 los avances en gobernabilidad, atenci\u00f3n a conflictos y apoyo a comunidades hist\u00f3ricamente olvidadas. Polic\u00eda Nacional Civil (PNC), que [&hellip;]<\/p>\n","protected":false},"author":1,"featured_media":22380,"comment_status":"closed","ping_status":"open","sticky":false,"template":"","format":"gallery","meta":[],"categories":[183],"tags":[178],"_links":{"self":[{"href":"https:\/\/gobernacionaltaverapaz.gob.gt\/index.php?rest_route=\/wp\/v2\/posts\/22391"}],"collection":[{"href":"https:\/\/gobernacionaltaverapaz.gob.gt\/index.php?rest_route=\/wp\/v2\/posts"}],"about":[{"href":"https:\/\/gobernacionaltaverapaz.gob.gt\/index.php?rest_route=\/wp\/v2\/types\/post"}],"author":[{"embeddable":true,"href":"https:\/\/gobernacionaltaverapaz.gob.gt\/index.php?rest_route=\/wp\/v2\/users\/1"}],"replies":[{"embeddable":true,"href":"https:\/\/gobernacionaltaverapaz.gob.gt\/index.php?rest_route=%2Fwp%2Fv2%2Fcomments&post=22391"}],"version-history":[{"count":1,"href":"https:\/\/gobernacionaltaverapaz.gob.gt\/index.php?rest_route=\/wp\/v2\/posts\/22391\/revisions"}],"predecessor-version":[{"id":22392,"href":"https:\/\/gobernacionaltaverapaz.gob.gt\/index.php?rest_route=\/wp\/v2\/posts\/22391\/revisions\/22392"}],"wp:featuredmedia":[{"embeddable":true,"href":"https:\/\/gobernacionaltaverapaz.gob.gt\/index.php?rest_route=\/wp\/v2\/media\/22380"}],"wp:attachment":[{"href":"https:\/\/gobernacionaltaverapaz.gob.gt\/index.php?rest_route=%2Fwp%2Fv2%2Fmedia&parent=22391"}],"wp:term":[{"taxonomy":"category","embeddable":true,"href":"https:\/\/gobernacionaltaverapaz.gob.gt\/index.php?rest_route=%2Fwp%2Fv2%2Fcategories&post=22391"},{"taxonomy":"post_tag","embeddable":true,"href":"https:\/\/gobernacionaltaverapaz.gob.gt\/index.php?rest_route=%2Fwp%2Fv2%2Ftags&post=22391"}],"curies":[{"name":"wp","href":"https:\/\/api.w.org\/{rel}","templated":true}]}}