{"id":22415,"date":"2025-05-07T13:07:53","date_gmt":"2025-05-07T19:07:53","guid":{"rendered":"https:\/\/gobernacionaltaverapaz.gob.gt\/?p=22415"},"modified":"2025-06-18T14:11:43","modified_gmt":"2025-06-18T20:11:43","slug":"gobernadora-de-alta-verapaz-participa-en-inauguracion-de-diplomados-para-el-fortalecimiento-juvenil","status":"publish","type":"post","link":"https:\/\/gobernacionaltaverapaz.gob.gt\/?p=22415","title":{"rendered":"Gobernadora de Alta Verapaz participa en inauguraci\u00f3n de diplomados para el fortalecimiento juvenil"},"content":{"rendered":"<p style=\"text-align: justify;\">Hoy mi\u00e9rcoles 07 de mayo, se realiz\u00f3 la inauguraci\u00f3n oficial del programa acad\u00e9mico \u201cGesti\u00f3n del Desarrollo y la Paz para las Juventudes\u201d, impulsado por la Mesa T\u00e9cnica por las Juventudes.<\/p>\n<div class=\"x14z9mp xat24cr x1lziwak x1vvkbs xtlvy1s x126k92a\" style=\"text-align: justify;\">\n<div dir=\"auto\">Durante el evento, la Gobernadora reafirm\u00f3 el compromiso del Gobierno del presidente Bernardo Ar\u00e9valo de llevar oportunidades reales a las juventudes del territorio, fortaleciendo su liderazgo y el trabajo conjunto con las municipalidades.<\/div>\n<\/div>\n<div class=\"x14z9mp xat24cr x1lziwak x1vvkbs xtlvy1s x126k92a\" style=\"text-align: justify;\">\n<div dir=\"auto\">Los diplomados incluyen dos enfoques clave:<\/div>\n<div dir=\"auto\">Gesti\u00f3n municipal con enfoque en juventudes<\/div>\n<div dir=\"auto\"><span class=\"html-span xexx8yu xyri2b x18d9i69 x1c1uobl x1hl2dhg x16tdsg8 x1vvkbs x3nfvp2 x1j61x8r x1fcty0u xdj266r xat24cr xm2jcoa x1mpyi22 xxymvpz xlup9mm x1kky2od\">F<\/span>omento de la participaci\u00f3n y prevenci\u00f3n de la violencia<\/div>\n<\/div>\n<div class=\"x14z9mp xat24cr x1lziwak x1vvkbs xtlvy1s x126k92a\" style=\"text-align: justify;\">\n<div dir=\"auto\">Participan instituciones y organizaciones como: CUNOR, INAP, CONJUVE, Refugio de la Ni\u00f1ez, MercyCorps, ISRAAID y UPCV.<\/div>\n<\/div>\n<div class=\"x14z9mp xat24cr x1lziwak x1vvkbs xtlvy1s x126k92a\">\n<div dir=\"auto\" style=\"text-align: justify;\">Asistieron j\u00f3venes inscritos, autoridades locales y facilitadores, quienes sumar\u00e1n esfuerzos para construir comunidades m\u00e1s seguras y con m\u00e1s participaci\u00f3n juvenil.<\/div>\n<\/div>\n<p>&nbsp;<\/p>\n<p>&nbsp;<\/p>\n<div><\/div>\n","protected":false},"excerpt":{"rendered":"<p>Hoy mi\u00e9rcoles 07 de mayo, se realiz\u00f3 la inauguraci\u00f3n oficial del programa acad\u00e9mico \u201cGesti\u00f3n del Desarrollo y la Paz para las Juventudes\u201d, impulsado por la Mesa T\u00e9cnica por las Juventudes. Durante el evento, la Gobernadora reafirm\u00f3 el compromiso del Gobierno del presidente Bernardo Ar\u00e9valo de llevar oportunidades reales a las juventudes del territorio, fortaleciendo su [&hellip;]<\/p>\n","protected":false},"author":1,"featured_media":22403,"comment_status":"closed","ping_status":"open","sticky":false,"template":"","format":"gallery","meta":[],"categories":[183],"tags":[178],"_links":{"self":[{"href":"https:\/\/gobernacionaltaverapaz.gob.gt\/index.php?rest_route=\/wp\/v2\/posts\/22415"}],"collection":[{"href":"https:\/\/gobernacionaltaverapaz.gob.gt\/index.php?rest_route=\/wp\/v2\/posts"}],"about":[{"href":"https:\/\/gobernacionaltaverapaz.gob.gt\/index.php?rest_route=\/wp\/v2\/types\/post"}],"author":[{"embeddable":true,"href":"https:\/\/gobernacionaltaverapaz.gob.gt\/index.php?rest_route=\/wp\/v2\/users\/1"}],"replies":[{"embeddable":true,"href":"https:\/\/gobernacionaltaverapaz.gob.gt\/index.php?rest_route=%2Fwp%2Fv2%2Fcomments&post=22415"}],"version-history":[{"count":1,"href":"https:\/\/gobernacionaltaverapaz.gob.gt\/index.php?rest_route=\/wp\/v2\/posts\/22415\/revisions"}],"predecessor-version":[{"id":22416,"href":"https:\/\/gobernacionaltaverapaz.gob.gt\/index.php?rest_route=\/wp\/v2\/posts\/22415\/revisions\/22416"}],"wp:featuredmedia":[{"embeddable":true,"href":"https:\/\/gobernacionaltaverapaz.gob.gt\/index.php?rest_route=\/wp\/v2\/media\/22403"}],"wp:attachment":[{"href":"https:\/\/gobernacionaltaverapaz.gob.gt\/index.php?rest_route=%2Fwp%2Fv2%2Fmedia&parent=22415"}],"wp:term":[{"taxonomy":"category","embeddable":true,"href":"https:\/\/gobernacionaltaverapaz.gob.gt\/index.php?rest_route=%2Fwp%2Fv2%2Fcategories&post=22415"},{"taxonomy":"post_tag","embeddable":true,"href":"https:\/\/gobernacionaltaverapaz.gob.gt\/index.php?rest_route=%2Fwp%2Fv2%2Ftags&post=22415"}],"curies":[{"name":"wp","href":"https:\/\/api.w.org\/{rel}","templated":true}]}}