{"id":22427,"date":"2025-05-08T16:04:26","date_gmt":"2025-05-08T22:04:26","guid":{"rendered":"https:\/\/gobernacionaltaverapaz.gob.gt\/?p=22427"},"modified":"2025-06-18T14:29:00","modified_gmt":"2025-06-18T20:29:00","slug":"mapas-de-pobreza-2023-y-presenta-avances-en-la-medicion-del-indice-de-necesidades-basicas","status":"publish","type":"post","link":"https:\/\/gobernacionaltaverapaz.gob.gt\/?p=22427","title":{"rendered":"Mapas de Pobreza 2023 y presenta avances en la medici\u00f3n del \u00cdndice de Necesidades B\u00e1sicas"},"content":{"rendered":"<div class=\"x14z9mp xat24cr x1lziwak x1vvkbs xtlvy1s x126k92a\">\n<div dir=\"auto\" style=\"text-align: justify;\">La comisi\u00f3n departamental de Alineaci\u00f3n, Seguimiento y Evaluaci\u00f3n del Plan Nacional de Desarrollo K\u2019atun 2032 en Alta Verapaz, Presidida por la Gobernadora Departamental Dilia C\u00f3 Coy y Coordinada por la Secretaria de Planificaci\u00f3n y Programaci\u00f3n de la Presidencia (SEGEPLAN), socializo los Mapas de Pobreza 2023, haciendo \u00e9nfasis en la incidencia, brecha y severidad de la pobreza en los municipios del departamento, el evento conto con la participaci\u00f3n de las Instituciones P\u00fablicas, Integrantes de Cooperaci\u00f3n Internacional, Sector No Gubernamental y Alcaldes Municipales del del departamento.<\/div>\n<\/div>\n<div class=\"x14z9mp xat24cr x1lziwak x1vvkbs xtlvy1s x126k92a\" style=\"text-align: justify;\">\n<div dir=\"auto\">Seguidamente, se present\u00f3 el \u00edndice de Necesidades B\u00e1sicas Insatisfechas (INBI) es un m\u00e9todo directo que permite medir la pobreza en su car\u00e1cter multidimensional, pues se ajusta a la satisfacci\u00f3n-insatisfacci\u00f3n de diferentes \u00e1mbitos de bienestar social considerados como esenciales para los hogares, esta medici\u00f3n est\u00e1 disponible a nivel departamental, municipal y lugar poblado.<\/div>\n<\/div>\n<div class=\"x14z9mp xat24cr x1lziwak x1vvkbs xtlvy1s x126k92a\">\n<div dir=\"auto\" style=\"text-align: justify;\">La ausencia de alguno de ellos permite identificar las privaciones que tienen los hogares. El \u00cdndice, publicado en 2020 y que se puso a disposici\u00f3n de la poblaci\u00f3n en marzo de 2024, contiene datos actualizados que abren las puertas a nuevos y mejores an\u00e1lisis que permitir\u00e1n a los tomadores de decisiones del pa\u00eds, focalizar de mejor forma los recursos, programas sociales, inversi\u00f3n p\u00fablica, intervenciones de Cooperaci\u00f3n Internacional y otras.<\/div>\n<\/div>\n<p>&nbsp;<\/p>\n<div><\/div>\n","protected":false},"excerpt":{"rendered":"<p>La comisi\u00f3n departamental de Alineaci\u00f3n, Seguimiento y Evaluaci\u00f3n del Plan Nacional de Desarrollo K\u2019atun 2032 en Alta Verapaz, Presidida por la Gobernadora Departamental Dilia C\u00f3 Coy y Coordinada por la Secretaria de Planificaci\u00f3n y Programaci\u00f3n de la Presidencia (SEGEPLAN), socializo los Mapas de Pobreza 2023, haciendo \u00e9nfasis en la incidencia, brecha y severidad de la [&hellip;]<\/p>\n","protected":false},"author":1,"featured_media":22428,"comment_status":"closed","ping_status":"open","sticky":false,"template":"","format":"gallery","meta":[],"categories":[183],"tags":[178],"_links":{"self":[{"href":"https:\/\/gobernacionaltaverapaz.gob.gt\/index.php?rest_route=\/wp\/v2\/posts\/22427"}],"collection":[{"href":"https:\/\/gobernacionaltaverapaz.gob.gt\/index.php?rest_route=\/wp\/v2\/posts"}],"about":[{"href":"https:\/\/gobernacionaltaverapaz.gob.gt\/index.php?rest_route=\/wp\/v2\/types\/post"}],"author":[{"embeddable":true,"href":"https:\/\/gobernacionaltaverapaz.gob.gt\/index.php?rest_route=\/wp\/v2\/users\/1"}],"replies":[{"embeddable":true,"href":"https:\/\/gobernacionaltaverapaz.gob.gt\/index.php?rest_route=%2Fwp%2Fv2%2Fcomments&post=22427"}],"version-history":[{"count":1,"href":"https:\/\/gobernacionaltaverapaz.gob.gt\/index.php?rest_route=\/wp\/v2\/posts\/22427\/revisions"}],"predecessor-version":[{"id":22429,"href":"https:\/\/gobernacionaltaverapaz.gob.gt\/index.php?rest_route=\/wp\/v2\/posts\/22427\/revisions\/22429"}],"wp:featuredmedia":[{"embeddable":true,"href":"https:\/\/gobernacionaltaverapaz.gob.gt\/index.php?rest_route=\/wp\/v2\/media\/22428"}],"wp:attachment":[{"href":"https:\/\/gobernacionaltaverapaz.gob.gt\/index.php?rest_route=%2Fwp%2Fv2%2Fmedia&parent=22427"}],"wp:term":[{"taxonomy":"category","embeddable":true,"href":"https:\/\/gobernacionaltaverapaz.gob.gt\/index.php?rest_route=%2Fwp%2Fv2%2Fcategories&post=22427"},{"taxonomy":"post_tag","embeddable":true,"href":"https:\/\/gobernacionaltaverapaz.gob.gt\/index.php?rest_route=%2Fwp%2Fv2%2Ftags&post=22427"}],"curies":[{"name":"wp","href":"https:\/\/api.w.org\/{rel}","templated":true}]}}