{"id":22484,"date":"2025-05-19T07:00:58","date_gmt":"2025-05-19T13:00:58","guid":{"rendered":"https:\/\/gobernacionaltaverapaz.gob.gt\/?p=22484"},"modified":"2025-06-18T15:53:04","modified_gmt":"2025-06-18T21:53:04","slug":"alta-verapaz-fue-el-departamento-seleccionado-para-un-nuevo-dialogo-abierto-gt","status":"publish","type":"post","link":"https:\/\/gobernacionaltaverapaz.gob.gt\/?p=22484","title":{"rendered":"Alta Verapaz fue el departamento seleccionado para un nuevo Di\u00e1logo Abierto GT"},"content":{"rendered":"<div class=\"x14z9mp xat24cr x1lziwak x1vvkbs xtlvy1s x126k92a\">\n<div dir=\"auto\" style=\"text-align: justify;\">Desde el municipio de cob\u00e1n, el Gobierno escuch\u00f3 a j\u00f3venes, comunidades y organizaciones que compartieron sus propuestas para mejorar salud, educaci\u00f3n, desarrollo rural y participaci\u00f3n ciudadana.<\/div>\n<\/div>\n<div class=\"x14z9mp xat24cr x1lziwak x1vvkbs xtlvy1s x126k92a\" style=\"text-align: justify;\">\n<div dir=\"auto\">El di\u00e1logo cercano y transparente sigue abriendo camino hacia un pa\u00eds m\u00e1s justo y con oportunidades.<\/div>\n<div dir=\"auto\"><\/div>\n<\/div>\n<div class=\"x14z9mp xat24cr x1lziwak x1vvkbs xtlvy1s x126k92a\" style=\"text-align: justify;\">\n<div dir=\"auto\">\u00a1Porque el pueblo digno es primero!<\/div>\n<\/div>\n<p>&nbsp;<\/p>\n<div><\/div>\n","protected":false},"excerpt":{"rendered":"<p>Desde el municipio de cob\u00e1n, el Gobierno escuch\u00f3 a j\u00f3venes, comunidades y organizaciones que compartieron sus propuestas para mejorar salud, educaci\u00f3n, desarrollo rural y participaci\u00f3n ciudadana. El di\u00e1logo cercano y transparente sigue abriendo camino hacia un pa\u00eds m\u00e1s justo y con oportunidades. \u00a1Porque el pueblo digno es primero! &nbsp;<\/p>\n","protected":false},"author":1,"featured_media":22474,"comment_status":"closed","ping_status":"open","sticky":false,"template":"","format":"gallery","meta":[],"categories":[183],"tags":[178],"_links":{"self":[{"href":"https:\/\/gobernacionaltaverapaz.gob.gt\/index.php?rest_route=\/wp\/v2\/posts\/22484"}],"collection":[{"href":"https:\/\/gobernacionaltaverapaz.gob.gt\/index.php?rest_route=\/wp\/v2\/posts"}],"about":[{"href":"https:\/\/gobernacionaltaverapaz.gob.gt\/index.php?rest_route=\/wp\/v2\/types\/post"}],"author":[{"embeddable":true,"href":"https:\/\/gobernacionaltaverapaz.gob.gt\/index.php?rest_route=\/wp\/v2\/users\/1"}],"replies":[{"embeddable":true,"href":"https:\/\/gobernacionaltaverapaz.gob.gt\/index.php?rest_route=%2Fwp%2Fv2%2Fcomments&post=22484"}],"version-history":[{"count":1,"href":"https:\/\/gobernacionaltaverapaz.gob.gt\/index.php?rest_route=\/wp\/v2\/posts\/22484\/revisions"}],"predecessor-version":[{"id":22485,"href":"https:\/\/gobernacionaltaverapaz.gob.gt\/index.php?rest_route=\/wp\/v2\/posts\/22484\/revisions\/22485"}],"wp:featuredmedia":[{"embeddable":true,"href":"https:\/\/gobernacionaltaverapaz.gob.gt\/index.php?rest_route=\/wp\/v2\/media\/22474"}],"wp:attachment":[{"href":"https:\/\/gobernacionaltaverapaz.gob.gt\/index.php?rest_route=%2Fwp%2Fv2%2Fmedia&parent=22484"}],"wp:term":[{"taxonomy":"category","embeddable":true,"href":"https:\/\/gobernacionaltaverapaz.gob.gt\/index.php?rest_route=%2Fwp%2Fv2%2Fcategories&post=22484"},{"taxonomy":"post_tag","embeddable":true,"href":"https:\/\/gobernacionaltaverapaz.gob.gt\/index.php?rest_route=%2Fwp%2Fv2%2Ftags&post=22484"}],"curies":[{"name":"wp","href":"https:\/\/api.w.org\/{rel}","templated":true}]}}