{"id":22496,"date":"2025-05-20T13:32:31","date_gmt":"2025-05-20T19:32:31","guid":{"rendered":"https:\/\/gobernacionaltaverapaz.gob.gt\/?p=22496"},"modified":"2025-06-18T16:33:12","modified_gmt":"2025-06-18T22:33:12","slug":"jovenes-protagonistas-fortalece-talentos-en-coban","status":"publish","type":"post","link":"https:\/\/gobernacionaltaverapaz.gob.gt\/?p=22496","title":{"rendered":"J\u00f3venes Protagonistas fortalece talentos en Cob\u00e1n"},"content":{"rendered":"<div class=\"x14z9mp xat24cr x1lziwak x1vvkbs xtlvy1s x126k92a\">\n<div dir=\"auto\">El domingo 18 de mayo se realiz\u00f3 una jornada del programa &#8220;J\u00f3venes Protagonistas&#8221; en Cob\u00e1n, Alta Verapaz, con la participaci\u00f3n activa de ni\u00f1as, ni\u00f1os y adolescentes.<\/div>\n<\/div>\n<div class=\"x14z9mp xat24cr x1lziwak x1vvkbs xtlvy1s x126k92a\">\n<div dir=\"auto\">Durante el evento se ofrecieron talleres art\u00edsticos, deportivos, l\u00fadicos y formativos, en \u00e1reas como manualidades, belleza, m\u00fasica, dibujo, computaci\u00f3n, ingl\u00e9s y m\u00e1s, fomentando la creatividad, el aprendizaje y la sana convivencia.<\/div>\n<\/div>\n<div class=\"x14z9mp xat24cr x1lziwak x1vvkbs xtlvy1s x126k92a\">\n<div dir=\"auto\">Esta iniciativa del Ministerio de Desarrollo Social busca crear espacios seguros para el desarrollo integral de la juventud, generando oportunidades para que las y los participantes fortalezcan habilidades, valores y una vida libre de violencia.<\/div>\n<div dir=\"auto\"><\/div>\n<\/div>\n<div class=\"x14z9mp xat24cr x1lziwak x1vvkbs xtlvy1s x126k92a\">\n<div dir=\"auto\">El trabajo articulado entre instituciones y comunidades permite acercar programas sociales que transforman vidas y promueven un futuro con m\u00e1s oportunidades para todas y todos.<\/div>\n<\/div>\n<div class=\"x14z9mp xat24cr x1lziwak x1vvkbs xtlvy1s x126k92a\">\n<div dir=\"auto\">En la actividad estuvo presente, por el MIDES, la Viceministra Vilma Fern\u00e1ndez, la Delegada Departamental Gabriela Pacay y la Gobernadora Dilia Margarita C\u00f3 Coy.<\/div>\n<\/div>\n<p>&nbsp;<\/p>\n<p>&nbsp;<\/p>\n<p>&nbsp;<\/p>\n<p>&nbsp;<\/p>\n<div>\n<div><\/div>\n<\/div>\n","protected":false},"excerpt":{"rendered":"<p>El domingo 18 de mayo se realiz\u00f3 una jornada del programa &#8220;J\u00f3venes Protagonistas&#8221; en Cob\u00e1n, Alta Verapaz, con la participaci\u00f3n activa de ni\u00f1as, ni\u00f1os y adolescentes. Durante el evento se ofrecieron talleres art\u00edsticos, deportivos, l\u00fadicos y formativos, en \u00e1reas como manualidades, belleza, m\u00fasica, dibujo, computaci\u00f3n, ingl\u00e9s y m\u00e1s, fomentando la creatividad, el aprendizaje y la [&hellip;]<\/p>\n","protected":false},"author":1,"featured_media":22486,"comment_status":"closed","ping_status":"open","sticky":false,"template":"","format":"gallery","meta":[],"categories":[183],"tags":[178],"_links":{"self":[{"href":"https:\/\/gobernacionaltaverapaz.gob.gt\/index.php?rest_route=\/wp\/v2\/posts\/22496"}],"collection":[{"href":"https:\/\/gobernacionaltaverapaz.gob.gt\/index.php?rest_route=\/wp\/v2\/posts"}],"about":[{"href":"https:\/\/gobernacionaltaverapaz.gob.gt\/index.php?rest_route=\/wp\/v2\/types\/post"}],"author":[{"embeddable":true,"href":"https:\/\/gobernacionaltaverapaz.gob.gt\/index.php?rest_route=\/wp\/v2\/users\/1"}],"replies":[{"embeddable":true,"href":"https:\/\/gobernacionaltaverapaz.gob.gt\/index.php?rest_route=%2Fwp%2Fv2%2Fcomments&post=22496"}],"version-history":[{"count":2,"href":"https:\/\/gobernacionaltaverapaz.gob.gt\/index.php?rest_route=\/wp\/v2\/posts\/22496\/revisions"}],"predecessor-version":[{"id":22498,"href":"https:\/\/gobernacionaltaverapaz.gob.gt\/index.php?rest_route=\/wp\/v2\/posts\/22496\/revisions\/22498"}],"wp:featuredmedia":[{"embeddable":true,"href":"https:\/\/gobernacionaltaverapaz.gob.gt\/index.php?rest_route=\/wp\/v2\/media\/22486"}],"wp:attachment":[{"href":"https:\/\/gobernacionaltaverapaz.gob.gt\/index.php?rest_route=%2Fwp%2Fv2%2Fmedia&parent=22496"}],"wp:term":[{"taxonomy":"category","embeddable":true,"href":"https:\/\/gobernacionaltaverapaz.gob.gt\/index.php?rest_route=%2Fwp%2Fv2%2Fcategories&post=22496"},{"taxonomy":"post_tag","embeddable":true,"href":"https:\/\/gobernacionaltaverapaz.gob.gt\/index.php?rest_route=%2Fwp%2Fv2%2Ftags&post=22496"}],"curies":[{"name":"wp","href":"https:\/\/api.w.org\/{rel}","templated":true}]}}