{"id":22515,"date":"2025-05-20T19:22:32","date_gmt":"2025-05-21T01:22:32","guid":{"rendered":"https:\/\/gobernacionaltaverapaz.gob.gt\/?p=22515"},"modified":"2025-06-18T23:36:26","modified_gmt":"2025-06-19T05:36:26","slug":"taller-de-capacitacion-carga-de-datos-de-las-intervenciones-de-la-iniciativa-mano-a-mano","status":"publish","type":"post","link":"https:\/\/gobernacionaltaverapaz.gob.gt\/?p=22515","title":{"rendered":"Taller de Capacitaci\u00f3n \u201cCarga de datos de las Intervenciones de la Iniciativa Mano a Mano\u201d"},"content":{"rendered":"<div class=\"xdj266r x14z9mp xat24cr x1lziwak x1vvkbs x126k92a\">\n<div dir=\"auto\" style=\"text-align: justify;\">Con el objetivo de fortalecer las capacidades t\u00e9cnicas de las instituciones que integran la Iniciativa Intersectorial <span class=\"html-span xdj266r x14z9mp xat24cr x1lziwak xexx8yu xyri2b x18d9i69 x1c1uobl x1hl2dhg x16tdsg8 x1vvkbs\"><a class=\"x1i10hfl xjbqb8w x1ejq31n x18oe1m7 x1sy0etr xstzfhl x972fbf x10w94by x1qhh985 x14e42zd x9f619 x1ypdohk xt0psk2 xe8uvvx xdj266r x14z9mp xat24cr x1lziwak xexx8yu xyri2b x18d9i69 x1c1uobl x16tdsg8 x1hl2dhg xggy1nq x1a2a7pz xkrqix3 x1sur9pj x1fey0fg x1s688f\" tabindex=\"0\" role=\"link\" href=\"https:\/\/www.facebook.com\/hashtag\/manoamanogt?__eep__=6&amp;__cft__[0]=AZUCXfM3tMdp8WkYULpcWINlcgbHDMqhz5PNuFRLTdzMNacY5UIwa_tlwI0Bq3r96s506Mb9vz1PVUCSBLQJEgZ6slKozl1PKj0WweFjbE-dKPwWlOWD1thzcvtJr-UWOWbMVECGAqQTEcHwu0ck-mDK1QZ0juvbjAl8p4SlKyt6bVgBSy2aL_5FlyFsNqU3BovObMUBwqzC88kdYo_WmOR34wHjwb1QyMc2Gp7y227pvA&amp;__tn__=*NK-y-R\">#ManoAManoGT<\/a><\/span>, se llev\u00f3 a cabo el Taller de Capacitaci\u00f3n \u201cCarga de datos de las Intervenciones de la Iniciativa Mano a Mano\u201d, con el apoyo del <span class=\"html-span xdj266r x14z9mp xat24cr x1lziwak xexx8yu xyri2b x18d9i69 x1c1uobl x1hl2dhg x16tdsg8 x1vvkbs\"><a class=\"x1i10hfl xjbqb8w x1ejq31n x18oe1m7 x1sy0etr xstzfhl x972fbf x10w94by x1qhh985 x14e42zd x9f619 x1ypdohk xt0psk2 xe8uvvx xdj266r x14z9mp xat24cr x1lziwak xexx8yu xyri2b x18d9i69 x1c1uobl x16tdsg8 x1hl2dhg xggy1nq x1a2a7pz xkrqix3 x1sur9pj x1fey0fg x1s688f\" tabindex=\"0\" role=\"link\" href=\"https:\/\/www.facebook.com\/PNUDGuatemala?__cft__[0]=AZUCXfM3tMdp8WkYULpcWINlcgbHDMqhz5PNuFRLTdzMNacY5UIwa_tlwI0Bq3r96s506Mb9vz1PVUCSBLQJEgZ6slKozl1PKj0WweFjbE-dKPwWlOWD1thzcvtJr-UWOWbMVECGAqQTEcHwu0ck-mDK1QZ0juvbjAl8p4SlKyt6bVgBSy2aL_5FlyFsNqU3BovObMUBwqzC88kdYo_WmOR34wHjwb1QyMc2Gp7y227pvA&amp;__tn__=-]K-y-R\"><span class=\"xt0psk2\"><span class=\"xjp7ctv\">PNUD Guatemala<\/span><\/span><\/a><\/span>.<\/div>\n<\/div>\n<div class=\"x14z9mp xat24cr x1lziwak x1vvkbs xtlvy1s x126k92a\" style=\"text-align: justify;\">\n<div dir=\"auto\">\u201cNo venimos s\u00f3lo a hablar de un sistema de captura de datos, venimos a hablar de una herramienta fundamental para que nuestros trabajos sigan cobrando sentido, visibilidad y sobre todo impacto\u201d, expres\u00f3 la viceministra Mar\u00eda Alejandra Menaldo.<\/div>\n<div dir=\"auto\"><\/div>\n<\/div>\n<div class=\"x14z9mp xat24cr x1lziwak x1vvkbs xtlvy1s x126k92a\" style=\"text-align: justify;\">\n<div dir=\"auto\">Este esfuerzo reafirma el compromiso del trabajo interinstitucional por construir un sistema de informaci\u00f3n social m\u00e1s s\u00f3lido, al servicio de las personas y orientado a combatir la pobreza y la malnutrici\u00f3n.<\/div>\n<\/div>\n<p>&nbsp;<\/p>\n<div><\/div>\n","protected":false},"excerpt":{"rendered":"<p>Con el objetivo de fortalecer las capacidades t\u00e9cnicas de las instituciones que integran la Iniciativa Intersectorial #ManoAManoGT, se llev\u00f3 a cabo el Taller de Capacitaci\u00f3n \u201cCarga de datos de las Intervenciones de la Iniciativa Mano a Mano\u201d, con el apoyo del PNUD Guatemala. \u201cNo venimos s\u00f3lo a hablar de un sistema de captura de datos, [&hellip;]<\/p>\n","protected":false},"author":1,"featured_media":22506,"comment_status":"closed","ping_status":"open","sticky":false,"template":"","format":"gallery","meta":[],"categories":[183],"tags":[178],"_links":{"self":[{"href":"https:\/\/gobernacionaltaverapaz.gob.gt\/index.php?rest_route=\/wp\/v2\/posts\/22515"}],"collection":[{"href":"https:\/\/gobernacionaltaverapaz.gob.gt\/index.php?rest_route=\/wp\/v2\/posts"}],"about":[{"href":"https:\/\/gobernacionaltaverapaz.gob.gt\/index.php?rest_route=\/wp\/v2\/types\/post"}],"author":[{"embeddable":true,"href":"https:\/\/gobernacionaltaverapaz.gob.gt\/index.php?rest_route=\/wp\/v2\/users\/1"}],"replies":[{"embeddable":true,"href":"https:\/\/gobernacionaltaverapaz.gob.gt\/index.php?rest_route=%2Fwp%2Fv2%2Fcomments&post=22515"}],"version-history":[{"count":1,"href":"https:\/\/gobernacionaltaverapaz.gob.gt\/index.php?rest_route=\/wp\/v2\/posts\/22515\/revisions"}],"predecessor-version":[{"id":22516,"href":"https:\/\/gobernacionaltaverapaz.gob.gt\/index.php?rest_route=\/wp\/v2\/posts\/22515\/revisions\/22516"}],"wp:featuredmedia":[{"embeddable":true,"href":"https:\/\/gobernacionaltaverapaz.gob.gt\/index.php?rest_route=\/wp\/v2\/media\/22506"}],"wp:attachment":[{"href":"https:\/\/gobernacionaltaverapaz.gob.gt\/index.php?rest_route=%2Fwp%2Fv2%2Fmedia&parent=22515"}],"wp:term":[{"taxonomy":"category","embeddable":true,"href":"https:\/\/gobernacionaltaverapaz.gob.gt\/index.php?rest_route=%2Fwp%2Fv2%2Fcategories&post=22515"},{"taxonomy":"post_tag","embeddable":true,"href":"https:\/\/gobernacionaltaverapaz.gob.gt\/index.php?rest_route=%2Fwp%2Fv2%2Ftags&post=22515"}],"curies":[{"name":"wp","href":"https:\/\/api.w.org\/{rel}","templated":true}]}}