{"id":22520,"date":"2025-05-21T15:58:34","date_gmt":"2025-05-21T21:58:34","guid":{"rendered":"https:\/\/gobernacionaltaverapaz.gob.gt\/?p=22520"},"modified":"2025-06-18T23:43:23","modified_gmt":"2025-06-19T05:43:23","slug":"unidos-por-la-prevencion-y-proteccion-de-nuestra-ninez-y-adolescencia","status":"publish","type":"post","link":"https:\/\/gobernacionaltaverapaz.gob.gt\/?p=22520","title":{"rendered":"Unidos por la prevenci\u00f3n y protecci\u00f3n de nuestra ni\u00f1ez y adolescencia"},"content":{"rendered":"<div class=\"x14z9mp xat24cr x1lziwak x1vvkbs xtlvy1s x126k92a\">\n<div dir=\"auto\" style=\"text-align: justify;\">La Gobernadora Departamental de Alta Verapaz, Dilia Margarita C\u00f3 Coy, sostuvo una reuni\u00f3n de trabajo con el equipo de la <span class=\"html-span xdj266r x14z9mp xat24cr x1lziwak xexx8yu xyri2b x18d9i69 x1c1uobl x1hl2dhg x16tdsg8 x1vvkbs\"><a class=\"x1i10hfl xjbqb8w x1ejq31n x18oe1m7 x1sy0etr xstzfhl x972fbf x10w94by x1qhh985 x14e42zd x9f619 x1ypdohk xt0psk2 xe8uvvx xdj266r x14z9mp xat24cr x1lziwak xexx8yu xyri2b x18d9i69 x1c1uobl x16tdsg8 x1hl2dhg xggy1nq x1a2a7pz xkrqix3 x1sur9pj x1fey0fg x1s688f\" tabindex=\"0\" role=\"link\" href=\"https:\/\/www.facebook.com\/secretariasvet?__cft__[0]=AZUUFPa_uf8qgBeqni9JVIdR0xJ4YTCN_AFwKN_kA4ambSqfVaIl0hkPMtRwNYF-6SzHlZPdzI7Nl1w857LE5XtTZkrxFNXC0g0jU_7Nl0U9gfd7uGfdQp7h7VfVMic1DT5BahH-s7_kUBTpRL5Sxez0ERW7JVnGy3oYL8GiUiu0PiF-iY7Sn6-z7YG_Ld3_D2XX2SC6ZCZ1CBj0T6yZh-nq&amp;__tn__=-]K-R\"><span class=\"xt0psk2\"><span class=\"xjp7ctv\">Secretar\u00eda Contra la Violencia Sexual Explotaci\u00f3n y Trata de Personas SVET<\/span><\/span><\/a><\/span>, encabezado por su Secretaria Ejecutiva, Sandy Recinos, con el objetivo de fortalecer las acciones de prevenci\u00f3n y atenci\u00f3n en el territorio.<\/div>\n<\/div>\n<div class=\"x14z9mp xat24cr x1lziwak x1vvkbs xtlvy1s x126k92a\">\n<div dir=\"auto\" style=\"text-align: justify;\">Desde la Gobernaci\u00f3n, seguimos fortaleciendo la coordinaci\u00f3n interinstitucional para llevar informaci\u00f3n, protecci\u00f3n y acompa\u00f1amiento a las comunidades, con un enfoque humano, culturalmente pertinente y centrado en la ni\u00f1ez y adolescencia.<\/div>\n<\/div>\n<p>&nbsp;<\/p>\n<div><\/div>\n","protected":false},"excerpt":{"rendered":"<p>La Gobernadora Departamental de Alta Verapaz, Dilia Margarita C\u00f3 Coy, sostuvo una reuni\u00f3n de trabajo con el equipo de la Secretar\u00eda Contra la Violencia Sexual Explotaci\u00f3n y Trata de Personas SVET, encabezado por su Secretaria Ejecutiva, Sandy Recinos, con el objetivo de fortalecer las acciones de prevenci\u00f3n y atenci\u00f3n en el territorio. Desde la Gobernaci\u00f3n, [&hellip;]<\/p>\n","protected":false},"author":1,"featured_media":22517,"comment_status":"closed","ping_status":"open","sticky":false,"template":"","format":"gallery","meta":[],"categories":[183],"tags":[178],"_links":{"self":[{"href":"https:\/\/gobernacionaltaverapaz.gob.gt\/index.php?rest_route=\/wp\/v2\/posts\/22520"}],"collection":[{"href":"https:\/\/gobernacionaltaverapaz.gob.gt\/index.php?rest_route=\/wp\/v2\/posts"}],"about":[{"href":"https:\/\/gobernacionaltaverapaz.gob.gt\/index.php?rest_route=\/wp\/v2\/types\/post"}],"author":[{"embeddable":true,"href":"https:\/\/gobernacionaltaverapaz.gob.gt\/index.php?rest_route=\/wp\/v2\/users\/1"}],"replies":[{"embeddable":true,"href":"https:\/\/gobernacionaltaverapaz.gob.gt\/index.php?rest_route=%2Fwp%2Fv2%2Fcomments&post=22520"}],"version-history":[{"count":1,"href":"https:\/\/gobernacionaltaverapaz.gob.gt\/index.php?rest_route=\/wp\/v2\/posts\/22520\/revisions"}],"predecessor-version":[{"id":22521,"href":"https:\/\/gobernacionaltaverapaz.gob.gt\/index.php?rest_route=\/wp\/v2\/posts\/22520\/revisions\/22521"}],"wp:featuredmedia":[{"embeddable":true,"href":"https:\/\/gobernacionaltaverapaz.gob.gt\/index.php?rest_route=\/wp\/v2\/media\/22517"}],"wp:attachment":[{"href":"https:\/\/gobernacionaltaverapaz.gob.gt\/index.php?rest_route=%2Fwp%2Fv2%2Fmedia&parent=22520"}],"wp:term":[{"taxonomy":"category","embeddable":true,"href":"https:\/\/gobernacionaltaverapaz.gob.gt\/index.php?rest_route=%2Fwp%2Fv2%2Fcategories&post=22520"},{"taxonomy":"post_tag","embeddable":true,"href":"https:\/\/gobernacionaltaverapaz.gob.gt\/index.php?rest_route=%2Fwp%2Fv2%2Ftags&post=22520"}],"curies":[{"name":"wp","href":"https:\/\/api.w.org\/{rel}","templated":true}]}}