{"id":22537,"date":"2025-05-23T07:00:07","date_gmt":"2025-05-23T13:00:07","guid":{"rendered":"https:\/\/gobernacionaltaverapaz.gob.gt\/?p=22537"},"modified":"2025-06-18T23:58:45","modified_gmt":"2025-06-19T05:58:45","slug":"raxruha-honra-a-su-patrona-maria-auxiliadora-en-el-inicio-de-la-feria-2025","status":"publish","type":"post","link":"https:\/\/gobernacionaltaverapaz.gob.gt\/?p=22537","title":{"rendered":"Raxruh\u00e1 honra a su Patrona Mar\u00eda Auxiliadora en el inicio de la Feria 2025"},"content":{"rendered":"<div class=\"x14z9mp xat24cr x1lziwak x1vvkbs xtlvy1s x126k92a\">\n<div dir=\"auto\" style=\"text-align: justify;\">Con devoci\u00f3n, m\u00fasica y tradici\u00f3n, el municipio de Raxruh\u00e1 dio inicio a su feria anual, un espacio que refleja la fe, la cultura y la identidad de su gente.<\/div>\n<\/div>\n<div class=\"x14z9mp xat24cr x1lziwak x1vvkbs xtlvy1s x126k92a\" style=\"text-align: justify;\">\n<div dir=\"auto\">Esta celebraci\u00f3n es m\u00e1s que un evento: es memoria viva, es familia, es comunidad unida.<\/div>\n<\/div>\n<div class=\"x14z9mp xat24cr x1lziwak x1vvkbs xtlvy1s x126k92a\">\n<div dir=\"auto\" style=\"text-align: justify;\">Desde la Gobernaci\u00f3n Departamental reconocemos la fuerza de esta celebraci\u00f3n que une generaciones, promueve la convivencia pac\u00edfica y reafirma el valor de nuestras costumbres.<\/div>\n<\/div>\n<p>&nbsp;<\/p>\n<p>&nbsp;<\/p>\n<div><\/div>\n","protected":false},"excerpt":{"rendered":"<p>Con devoci\u00f3n, m\u00fasica y tradici\u00f3n, el municipio de Raxruh\u00e1 dio inicio a su feria anual, un espacio que refleja la fe, la cultura y la identidad de su gente. Esta celebraci\u00f3n es m\u00e1s que un evento: es memoria viva, es familia, es comunidad unida. Desde la Gobernaci\u00f3n Departamental reconocemos la fuerza de esta celebraci\u00f3n que [&hellip;]<\/p>\n","protected":false},"author":1,"featured_media":22523,"comment_status":"closed","ping_status":"open","sticky":false,"template":"","format":"gallery","meta":[],"categories":[183],"tags":[178],"_links":{"self":[{"href":"https:\/\/gobernacionaltaverapaz.gob.gt\/index.php?rest_route=\/wp\/v2\/posts\/22537"}],"collection":[{"href":"https:\/\/gobernacionaltaverapaz.gob.gt\/index.php?rest_route=\/wp\/v2\/posts"}],"about":[{"href":"https:\/\/gobernacionaltaverapaz.gob.gt\/index.php?rest_route=\/wp\/v2\/types\/post"}],"author":[{"embeddable":true,"href":"https:\/\/gobernacionaltaverapaz.gob.gt\/index.php?rest_route=\/wp\/v2\/users\/1"}],"replies":[{"embeddable":true,"href":"https:\/\/gobernacionaltaverapaz.gob.gt\/index.php?rest_route=%2Fwp%2Fv2%2Fcomments&post=22537"}],"version-history":[{"count":1,"href":"https:\/\/gobernacionaltaverapaz.gob.gt\/index.php?rest_route=\/wp\/v2\/posts\/22537\/revisions"}],"predecessor-version":[{"id":22538,"href":"https:\/\/gobernacionaltaverapaz.gob.gt\/index.php?rest_route=\/wp\/v2\/posts\/22537\/revisions\/22538"}],"wp:featuredmedia":[{"embeddable":true,"href":"https:\/\/gobernacionaltaverapaz.gob.gt\/index.php?rest_route=\/wp\/v2\/media\/22523"}],"wp:attachment":[{"href":"https:\/\/gobernacionaltaverapaz.gob.gt\/index.php?rest_route=%2Fwp%2Fv2%2Fmedia&parent=22537"}],"wp:term":[{"taxonomy":"category","embeddable":true,"href":"https:\/\/gobernacionaltaverapaz.gob.gt\/index.php?rest_route=%2Fwp%2Fv2%2Fcategories&post=22537"},{"taxonomy":"post_tag","embeddable":true,"href":"https:\/\/gobernacionaltaverapaz.gob.gt\/index.php?rest_route=%2Fwp%2Fv2%2Ftags&post=22537"}],"curies":[{"name":"wp","href":"https:\/\/api.w.org\/{rel}","templated":true}]}}