{"id":22550,"date":"2025-05-23T14:39:53","date_gmt":"2025-05-23T20:39:53","guid":{"rendered":"https:\/\/gobernacionaltaverapaz.gob.gt\/?p=22550"},"modified":"2025-06-19T00:14:30","modified_gmt":"2025-06-19T06:14:30","slug":"capacitacion-para-transformar-el-desarrollo-local","status":"publish","type":"post","link":"https:\/\/gobernacionaltaverapaz.gob.gt\/?p=22550","title":{"rendered":"Capacitaci\u00f3n para transformar el desarrollo local"},"content":{"rendered":"<div class=\"x14z9mp xat24cr x1lziwak x1vvkbs xtlvy1s x126k92a\">\n<div dir=\"auto\" style=\"text-align: justify;\">Desde el coraz\u00f3n de Alta Verapaz, el <span class=\"html-span xdj266r x14z9mp xat24cr x1lziwak xexx8yu xyri2b x18d9i69 x1c1uobl x1hl2dhg x16tdsg8 x1vvkbs\"><a class=\"x1i10hfl xjbqb8w x1ejq31n x18oe1m7 x1sy0etr xstzfhl x972fbf x10w94by x1qhh985 x14e42zd x9f619 x1ypdohk xt0psk2 xe8uvvx xdj266r x14z9mp xat24cr x1lziwak xexx8yu xyri2b x18d9i69 x1c1uobl x16tdsg8 x1hl2dhg xggy1nq x1a2a7pz xkrqix3 x1sur9pj x1fey0fg x1s688f\" tabindex=\"0\" role=\"link\" href=\"https:\/\/www.facebook.com\/INAPGuatemalaCA?__cft__[0]=AZX9VCoFD1x1wP-wkdtEKeb3tAvbNsXihCFQrv47o9-Y-kIBjDTKUWcs3CafozD-03lJ_XHbPDKnjFgREU4YWZShrOKgMaTmywYM1gs9yUQGBx0Y06ICWtMS9Gf4YYn8RqtP9htf-NIoeD4f5idWIBEnq8liTVb38itp--Bo0xbx65Cr-Bm8UsOSri301qEcw7F12xjjQ5UJRH70WgTpOjR8&amp;__tn__=-]K-R\"><span class=\"xt0psk2\"><span class=\"xjp7ctv\">INAP Guatemala<\/span><\/span><\/a><\/span> lanz\u00f3 en Cob\u00e1n el Programa de Certificaci\u00f3n Estrat\u00e9gica para la Excelencia de los Consejos Departamentales de Desarrollo (CODEDE), una iniciativa clave para profesionalizar la gesti\u00f3n p\u00fablica en los 340 municipios del pa\u00eds.<\/div>\n<\/div>\n<div class=\"x14z9mp xat24cr x1lziwak x1vvkbs xtlvy1s x126k92a\" style=\"text-align: justify;\">\n<div dir=\"auto\">En el acto inaugural participaron autoridades comoel Subsecretario para Asuntos Ejecutivos de la <span class=\"html-span xdj266r x14z9mp xat24cr x1lziwak xexx8yu xyri2b x18d9i69 x1c1uobl x1hl2dhg x16tdsg8 x1vvkbs\"><a class=\"x1i10hfl xjbqb8w x1ejq31n x18oe1m7 x1sy0etr xstzfhl x972fbf x10w94by x1qhh985 x14e42zd x9f619 x1ypdohk xt0psk2 xe8uvvx xdj266r x14z9mp xat24cr x1lziwak xexx8yu xyri2b x18d9i69 x1c1uobl x16tdsg8 x1hl2dhg xggy1nq x1a2a7pz xkrqix3 x1sur9pj x1fey0fg x1s688f\" tabindex=\"0\" role=\"link\" href=\"https:\/\/www.facebook.com\/secretariaejecutiva.scep?__cft__[0]=AZX9VCoFD1x1wP-wkdtEKeb3tAvbNsXihCFQrv47o9-Y-kIBjDTKUWcs3CafozD-03lJ_XHbPDKnjFgREU4YWZShrOKgMaTmywYM1gs9yUQGBx0Y06ICWtMS9Gf4YYn8RqtP9htf-NIoeD4f5idWIBEnq8liTVb38itp--Bo0xbx65Cr-Bm8UsOSri301qEcw7F12xjjQ5UJRH70WgTpOjR8&amp;__tn__=-]K-R\"><span class=\"xt0psk2\"><span class=\"xjp7ctv\">SCEP<\/span><\/span><\/a><\/span>, Oscar Mois\u00e9s Ju\u00e1rez P\u00e9rez; la Gerente del INAP, Ruth Elisabeth \u00c1valos Casta\u00f1eda; y el delegado de <span class=\"html-span xdj266r x14z9mp xat24cr x1lziwak xexx8yu xyri2b x18d9i69 x1c1uobl x1hl2dhg x16tdsg8 x1vvkbs\"><a class=\"x1i10hfl xjbqb8w x1ejq31n x18oe1m7 x1sy0etr xstzfhl x972fbf x10w94by x1qhh985 x14e42zd x9f619 x1ypdohk xt0psk2 xe8uvvx xdj266r x14z9mp xat24cr x1lziwak xexx8yu xyri2b x18d9i69 x1c1uobl x16tdsg8 x1hl2dhg xggy1nq x1a2a7pz xkrqix3 x1sur9pj x1fey0fg x1s688f\" tabindex=\"0\" role=\"link\" href=\"https:\/\/www.facebook.com\/SegeplanGT?__cft__[0]=AZX9VCoFD1x1wP-wkdtEKeb3tAvbNsXihCFQrv47o9-Y-kIBjDTKUWcs3CafozD-03lJ_XHbPDKnjFgREU4YWZShrOKgMaTmywYM1gs9yUQGBx0Y06ICWtMS9Gf4YYn8RqtP9htf-NIoeD4f5idWIBEnq8liTVb38itp--Bo0xbx65Cr-Bm8UsOSri301qEcw7F12xjjQ5UJRH70WgTpOjR8&amp;__tn__=-]K-R\"><span class=\"xt0psk2\"><span class=\"xjp7ctv\">SEGEPLAN<\/span><\/span><\/a><\/span>, Erick An\u00edbal Poou Valdiz\u00f3n. Tambi\u00e9n acompa\u00f1aron esta jornada la Gobernadora de Alta Verapaz, Dilia Margarita C\u00f3 Coy, y el Gobernador de Baja Verapaz, Mynor Alexander Chen Cuja, quienes destacaron la importancia de fortalecer a los Consejos Departamentales de Desarrollo como espacios estrat\u00e9gicos para impulsar obras y pol\u00edticas p\u00fablicas con enfoque territorial.<\/div>\n<\/div>\n<div class=\"x14z9mp xat24cr x1lziwak x1vvkbs xtlvy1s x126k92a\" style=\"text-align: justify;\">\n<div dir=\"auto\">Esta certificaci\u00f3n, con la coordinaci\u00f3n de la SCEP y SEGEPLAN, es una muestra m\u00e1s del compromiso del Gobierno del presidente Bernardo Ar\u00e9valo con el fortalecimiento institucional, la participaci\u00f3n ciudadana y el desarrollo territorial con dignidad.<\/div>\n<\/div>\n<div class=\"x14z9mp xat24cr x1lziwak x1vvkbs xtlvy1s x126k92a\">\n<div dir=\"auto\" style=\"text-align: justify;\">El Pueblo Digno Es Primero.<\/div>\n<\/div>\n<p>&nbsp;<\/p>\n<div><\/div>\n","protected":false},"excerpt":{"rendered":"<p>Desde el coraz\u00f3n de Alta Verapaz, el INAP Guatemala lanz\u00f3 en Cob\u00e1n el Programa de Certificaci\u00f3n Estrat\u00e9gica para la Excelencia de los Consejos Departamentales de Desarrollo (CODEDE), una iniciativa clave para profesionalizar la gesti\u00f3n p\u00fablica en los 340 municipios del pa\u00eds. En el acto inaugural participaron autoridades comoel Subsecretario para Asuntos Ejecutivos de la SCEP, [&hellip;]<\/p>\n","protected":false},"author":1,"featured_media":22539,"comment_status":"closed","ping_status":"open","sticky":false,"template":"","format":"gallery","meta":[],"categories":[183],"tags":[178],"_links":{"self":[{"href":"https:\/\/gobernacionaltaverapaz.gob.gt\/index.php?rest_route=\/wp\/v2\/posts\/22550"}],"collection":[{"href":"https:\/\/gobernacionaltaverapaz.gob.gt\/index.php?rest_route=\/wp\/v2\/posts"}],"about":[{"href":"https:\/\/gobernacionaltaverapaz.gob.gt\/index.php?rest_route=\/wp\/v2\/types\/post"}],"author":[{"embeddable":true,"href":"https:\/\/gobernacionaltaverapaz.gob.gt\/index.php?rest_route=\/wp\/v2\/users\/1"}],"replies":[{"embeddable":true,"href":"https:\/\/gobernacionaltaverapaz.gob.gt\/index.php?rest_route=%2Fwp%2Fv2%2Fcomments&post=22550"}],"version-history":[{"count":1,"href":"https:\/\/gobernacionaltaverapaz.gob.gt\/index.php?rest_route=\/wp\/v2\/posts\/22550\/revisions"}],"predecessor-version":[{"id":22551,"href":"https:\/\/gobernacionaltaverapaz.gob.gt\/index.php?rest_route=\/wp\/v2\/posts\/22550\/revisions\/22551"}],"wp:featuredmedia":[{"embeddable":true,"href":"https:\/\/gobernacionaltaverapaz.gob.gt\/index.php?rest_route=\/wp\/v2\/media\/22539"}],"wp:attachment":[{"href":"https:\/\/gobernacionaltaverapaz.gob.gt\/index.php?rest_route=%2Fwp%2Fv2%2Fmedia&parent=22550"}],"wp:term":[{"taxonomy":"category","embeddable":true,"href":"https:\/\/gobernacionaltaverapaz.gob.gt\/index.php?rest_route=%2Fwp%2Fv2%2Fcategories&post=22550"},{"taxonomy":"post_tag","embeddable":true,"href":"https:\/\/gobernacionaltaverapaz.gob.gt\/index.php?rest_route=%2Fwp%2Fv2%2Ftags&post=22550"}],"curies":[{"name":"wp","href":"https:\/\/api.w.org\/{rel}","templated":true}]}}