{"id":22564,"date":"2025-05-27T15:15:49","date_gmt":"2025-05-27T21:15:49","guid":{"rendered":"https:\/\/gobernacionaltaverapaz.gob.gt\/?p=22564"},"modified":"2025-06-19T00:22:37","modified_gmt":"2025-06-19T06:22:37","slug":"alta-verapaz-avanza-en-la-coordinacion-y-respuesta-ante-emergencias","status":"publish","type":"post","link":"https:\/\/gobernacionaltaverapaz.gob.gt\/?p=22564","title":{"rendered":"Alta Verapaz avanza en la coordinaci\u00f3n y respuesta ante emergencias"},"content":{"rendered":"<div class=\"x14z9mp xat24cr x1lziwak x1vvkbs xtlvy1s x126k92a\">\n<div dir=\"auto\" style=\"text-align: justify;\">Este d\u00eda 27 de Mayo, se realiz\u00f3 la acreditaci\u00f3n y juramentaci\u00f3n oficial de la Coordinadora Departamental para la Reducci\u00f3n de Desastres (CODRED) en Alta Verapaz, con el acompa\u00f1amiento de la Gobernadora Departamental Dilia Margarita C\u00f3 Coy y personal t\u00e9cnico de la Secretar\u00eda Ejecutiva de CONRED.<\/div>\n<\/div>\n<div class=\"x14z9mp xat24cr x1lziwak x1vvkbs xtlvy1s x126k92a\" style=\"text-align: justify;\">\n<div dir=\"auto\">Durante el acto, las instituciones que integran la CODRED fueron juramentadas formalmente, asumiendo el compromiso de actuar de manera coordinada en la prevenci\u00f3n, mitigaci\u00f3n, preparaci\u00f3n, respuesta y recuperaci\u00f3n ante cualquier situaci\u00f3n de riesgo o desastre en el departamento.<\/div>\n<div dir=\"auto\">Esta acci\u00f3n fortalece el Sistema <span class=\"html-span xdj266r x14z9mp xat24cr x1lziwak xexx8yu xyri2b x18d9i69 x1c1uobl x1hl2dhg x16tdsg8 x1vvkbs\"><a class=\"x1i10hfl xjbqb8w x1ejq31n x18oe1m7 x1sy0etr xstzfhl x972fbf x10w94by x1qhh985 x14e42zd x9f619 x1ypdohk xt0psk2 xe8uvvx xdj266r x14z9mp xat24cr x1lziwak xexx8yu xyri2b x18d9i69 x1c1uobl x16tdsg8 x1hl2dhg xggy1nq x1a2a7pz xkrqix3 x1sur9pj x1fey0fg x1s688f\" tabindex=\"0\" role=\"link\" href=\"https:\/\/www.facebook.com\/conredgt?__cft__[0]=AZUNQBHXVcKlHRJ3l_KLOAhCnoyBc6WLxGjYcQcvF9jvBI8U_D6BnaRNHQKrwMNUng1k0oWU01k3YEsc0Cf4z9aIy7UF1o0HBAEvECAE0zi6j7VfodnSsYBnSjKWRs3PFKNfsNnGey_LtmsL1prkqb_UPhx5zWAifV6t6PDcfFng4Yuw0v72JtXsn4C43ZLK3ZoZXtJTVov7cYzosIBjmc9O&amp;__tn__=-]K-R\"><span class=\"xt0psk2\"><span class=\"xjp7ctv\">Conred<\/span><\/span><\/a><\/span> y reafirma el compromiso de las autoridades departamentales de proteger la vida, los bienes y el entorno de la poblaci\u00f3n, trabajando de manera articulada con instituciones del Estado, gobiernos municipales, cuerpos de socorro, sociedad civil y organizaciones no gubernamentales.<\/div>\n<\/div>\n<div class=\"x14z9mp xat24cr x1lziwak x1vvkbs xtlvy1s x126k92a\">\n<div dir=\"auto\" style=\"text-align: justify;\">Desde la Gobernaci\u00f3n Departamental de Alta Verapaz continuamos impulsando una cultura de prevenci\u00f3n y resiliencia en todos los niveles territoriales.<\/div>\n<\/div>\n<p>&nbsp;<\/p>\n<div><\/div>\n","protected":false},"excerpt":{"rendered":"<p>Este d\u00eda 27 de Mayo, se realiz\u00f3 la acreditaci\u00f3n y juramentaci\u00f3n oficial de la Coordinadora Departamental para la Reducci\u00f3n de Desastres (CODRED) en Alta Verapaz, con el acompa\u00f1amiento de la Gobernadora Departamental Dilia Margarita C\u00f3 Coy y personal t\u00e9cnico de la Secretar\u00eda Ejecutiva de CONRED. Durante el acto, las instituciones que integran la CODRED fueron [&hellip;]<\/p>\n","protected":false},"author":1,"featured_media":22553,"comment_status":"closed","ping_status":"open","sticky":false,"template":"","format":"gallery","meta":[],"categories":[183],"tags":[178],"_links":{"self":[{"href":"https:\/\/gobernacionaltaverapaz.gob.gt\/index.php?rest_route=\/wp\/v2\/posts\/22564"}],"collection":[{"href":"https:\/\/gobernacionaltaverapaz.gob.gt\/index.php?rest_route=\/wp\/v2\/posts"}],"about":[{"href":"https:\/\/gobernacionaltaverapaz.gob.gt\/index.php?rest_route=\/wp\/v2\/types\/post"}],"author":[{"embeddable":true,"href":"https:\/\/gobernacionaltaverapaz.gob.gt\/index.php?rest_route=\/wp\/v2\/users\/1"}],"replies":[{"embeddable":true,"href":"https:\/\/gobernacionaltaverapaz.gob.gt\/index.php?rest_route=%2Fwp%2Fv2%2Fcomments&post=22564"}],"version-history":[{"count":1,"href":"https:\/\/gobernacionaltaverapaz.gob.gt\/index.php?rest_route=\/wp\/v2\/posts\/22564\/revisions"}],"predecessor-version":[{"id":22565,"href":"https:\/\/gobernacionaltaverapaz.gob.gt\/index.php?rest_route=\/wp\/v2\/posts\/22564\/revisions\/22565"}],"wp:featuredmedia":[{"embeddable":true,"href":"https:\/\/gobernacionaltaverapaz.gob.gt\/index.php?rest_route=\/wp\/v2\/media\/22553"}],"wp:attachment":[{"href":"https:\/\/gobernacionaltaverapaz.gob.gt\/index.php?rest_route=%2Fwp%2Fv2%2Fmedia&parent=22564"}],"wp:term":[{"taxonomy":"category","embeddable":true,"href":"https:\/\/gobernacionaltaverapaz.gob.gt\/index.php?rest_route=%2Fwp%2Fv2%2Fcategories&post=22564"},{"taxonomy":"post_tag","embeddable":true,"href":"https:\/\/gobernacionaltaverapaz.gob.gt\/index.php?rest_route=%2Fwp%2Fv2%2Ftags&post=22564"}],"curies":[{"name":"wp","href":"https:\/\/api.w.org\/{rel}","templated":true}]}}