{"id":22581,"date":"2025-05-29T08:12:33","date_gmt":"2025-05-29T14:12:33","guid":{"rendered":"https:\/\/gobernacionaltaverapaz.gob.gt\/?p=22581"},"modified":"2025-06-19T00:30:44","modified_gmt":"2025-06-19T06:30:44","slug":"desfile-inaugural-de-la-chahal-fer-2025","status":"publish","type":"post","link":"https:\/\/gobernacionaltaverapaz.gob.gt\/?p=22581","title":{"rendered":"Desfile inaugural de la Chahal Fer 2025"},"content":{"rendered":"<div class=\"xdj266r x14z9mp xat24cr x1lziwak x1vvkbs x126k92a\">\n<div dir=\"auto\" style=\"text-align: justify;\">El municipio de Chahal celebr\u00f3 con orgullo el inicio de su feria!<\/div>\n<div dir=\"auto\" style=\"text-align: justify;\"><\/div>\n<\/div>\n<div class=\"x14z9mp xat24cr x1lziwak x1vvkbs xtlvy1s x126k92a\" style=\"text-align: justify;\">\n<div dir=\"auto\">El 28 de mayo se llev\u00f3 a cabo el desfile inaugural de la <span class=\"html-span xdj266r x14z9mp xat24cr x1lziwak xexx8yu xyri2b x18d9i69 x1c1uobl x1hl2dhg x16tdsg8 x1vvkbs\"><a class=\"x1i10hfl xjbqb8w x1ejq31n x18oe1m7 x1sy0etr xstzfhl x972fbf x10w94by x1qhh985 x14e42zd x9f619 x1ypdohk xt0psk2 xe8uvvx xdj266r x14z9mp xat24cr x1lziwak xexx8yu xyri2b x18d9i69 x1c1uobl x16tdsg8 x1hl2dhg xggy1nq x1a2a7pz xkrqix3 x1sur9pj x1fey0fg x1s688f\" tabindex=\"0\" role=\"link\" href=\"https:\/\/www.facebook.com\/hashtag\/chahalfer2025?__eep__=6&amp;__cft__[0]=AZX3ZuKXykRPKZrx-ITSSZ6FV8u4OKvejWAqtstlBYrVES2X6RRWW2vQANz0-9BtlIQwws-V6NDxGkX9IQ1aSqC9ElPML4mZHcIxnxj4T9TKg3fRdQEKPdVcYgf0erdLyYa95kLCdsGGS2_6_qtC_dWarKbgRk84Yt6vr01n71c-FA8kX86k9XJWBNRdFNINI5tI_W6dNBtG8lz1yXygTtO8&amp;__tn__=*NK-R\">#ChahalFer2025<\/a><\/span>, un evento lleno de color, m\u00fasica y alegr\u00eda, que reuni\u00f3 a estudiantes, comunidades, autoridades y vecinos para dar la bienvenida a una de las festividades m\u00e1s esperadas del municipio.<\/div>\n<\/div>\n<div class=\"x14z9mp xat24cr x1lziwak x1vvkbs xtlvy1s x126k92a\" style=\"text-align: justify;\">\n<div dir=\"auto\">Desde la Gobernaci\u00f3n Departamental de Alta Verapaz, acompa\u00f1amos esta actividad reafirmando el compromiso del presidente Bernardo Ar\u00e9valo con la cultura, la participaci\u00f3n ciudadana y el fortalecimiento del tejido social en cada rinc\u00f3n del pa\u00eds.<\/div>\n<\/div>\n<div class=\"x14z9mp xat24cr x1lziwak x1vvkbs xtlvy1s x126k92a\" style=\"text-align: justify;\">\n<div dir=\"auto\">Con el liderazgo de la Gobernadora Dilia Margarita C\u00f3 Coy, seguimos promoviendo la presencia territorial del Gobierno y celebrando la diversidad de nuestros pueblos.<\/div>\n<\/div>\n<div class=\"x14z9mp xat24cr x1lziwak x1vvkbs xtlvy1s x126k92a\" style=\"text-align: justify;\">\n<div dir=\"auto\">Porque El Pueblo Digno Es Primero.<\/div>\n<\/div>\n<p style=\"text-align: justify;\">\n<p>&nbsp;<\/p>\n<div><\/div>\n<p>&nbsp;<\/p>\n<p>&nbsp;<\/p>\n<p><a href=\"https:\/\/www.facebook.com\/photo\/?fbid=1140833078084902&amp;set=pcb.1140840318084178\"><img decoding=\"async\" loading=\"lazy\" class=\"alignnone wp-image-22091 size-full\" title=\"Ver galer\u00eda en Facebook\" src=\"https:\/\/gobernacionaltaverapaz.gob.gt\/wp-content\/uploads\/2025\/05\/galeria.jpg\" alt=\"\" width=\"215\" height=\"71\" \/><\/a><\/p>\n","protected":false},"excerpt":{"rendered":"<p>El municipio de Chahal celebr\u00f3 con orgullo el inicio de su feria! El 28 de mayo se llev\u00f3 a cabo el desfile inaugural de la #ChahalFer2025, un evento lleno de color, m\u00fasica y alegr\u00eda, que reuni\u00f3 a estudiantes, comunidades, autoridades y vecinos para dar la bienvenida a una de las festividades m\u00e1s esperadas del municipio. [&hellip;]<\/p>\n","protected":false},"author":1,"featured_media":22566,"comment_status":"closed","ping_status":"open","sticky":false,"template":"","format":"gallery","meta":[],"categories":[183],"tags":[178],"_links":{"self":[{"href":"https:\/\/gobernacionaltaverapaz.gob.gt\/index.php?rest_route=\/wp\/v2\/posts\/22581"}],"collection":[{"href":"https:\/\/gobernacionaltaverapaz.gob.gt\/index.php?rest_route=\/wp\/v2\/posts"}],"about":[{"href":"https:\/\/gobernacionaltaverapaz.gob.gt\/index.php?rest_route=\/wp\/v2\/types\/post"}],"author":[{"embeddable":true,"href":"https:\/\/gobernacionaltaverapaz.gob.gt\/index.php?rest_route=\/wp\/v2\/users\/1"}],"replies":[{"embeddable":true,"href":"https:\/\/gobernacionaltaverapaz.gob.gt\/index.php?rest_route=%2Fwp%2Fv2%2Fcomments&post=22581"}],"version-history":[{"count":1,"href":"https:\/\/gobernacionaltaverapaz.gob.gt\/index.php?rest_route=\/wp\/v2\/posts\/22581\/revisions"}],"predecessor-version":[{"id":22582,"href":"https:\/\/gobernacionaltaverapaz.gob.gt\/index.php?rest_route=\/wp\/v2\/posts\/22581\/revisions\/22582"}],"wp:featuredmedia":[{"embeddable":true,"href":"https:\/\/gobernacionaltaverapaz.gob.gt\/index.php?rest_route=\/wp\/v2\/media\/22566"}],"wp:attachment":[{"href":"https:\/\/gobernacionaltaverapaz.gob.gt\/index.php?rest_route=%2Fwp%2Fv2%2Fmedia&parent=22581"}],"wp:term":[{"taxonomy":"category","embeddable":true,"href":"https:\/\/gobernacionaltaverapaz.gob.gt\/index.php?rest_route=%2Fwp%2Fv2%2Fcategories&post=22581"},{"taxonomy":"post_tag","embeddable":true,"href":"https:\/\/gobernacionaltaverapaz.gob.gt\/index.php?rest_route=%2Fwp%2Fv2%2Ftags&post=22581"}],"curies":[{"name":"wp","href":"https:\/\/api.w.org\/{rel}","templated":true}]}}