{"id":22600,"date":"2025-05-29T15:33:39","date_gmt":"2025-05-29T21:33:39","guid":{"rendered":"https:\/\/gobernacionaltaverapaz.gob.gt\/?p=22600"},"modified":"2025-06-19T00:40:02","modified_gmt":"2025-06-19T06:40:02","slug":"beca-fest-2025","status":"publish","type":"post","link":"https:\/\/gobernacionaltaverapaz.gob.gt\/?p=22600","title":{"rendered":"Beca Fest 2025"},"content":{"rendered":"<div class=\"x14z9mp xat24cr x1lziwak x1vvkbs xtlvy1s x126k92a\">\n<div dir=\"auto\" style=\"text-align: justify;\">Una jornada dedicada a las juventudes del departamento, que buscan oportunidades reales para continuar su formaci\u00f3n acad\u00e9mica y construir un mejor futuro.<\/div>\n<\/div>\n<div class=\"x14z9mp xat24cr x1lziwak x1vvkbs xtlvy1s x126k92a\" style=\"text-align: justify;\">\n<div dir=\"auto\">La actividad es impulsada por la <span class=\"html-span xdj266r x14z9mp xat24cr x1lziwak xexx8yu xyri2b x18d9i69 x1c1uobl x1hl2dhg x16tdsg8 x1vvkbs\"><a class=\"x1i10hfl xjbqb8w x1ejq31n x18oe1m7 x1sy0etr xstzfhl x972fbf x10w94by x1qhh985 x14e42zd x9f619 x1ypdohk xt0psk2 xe8uvvx xdj266r x14z9mp xat24cr x1lziwak xexx8yu xyri2b x18d9i69 x1c1uobl x16tdsg8 x1hl2dhg xggy1nq x1a2a7pz xkrqix3 x1sur9pj x1fey0fg x1s688f\" tabindex=\"0\" role=\"link\" href=\"https:\/\/www.facebook.com\/mesaporlasjuventudes.av?__cft__[0]=AZV5Jx0rNeqEaBkkGGffzWEdkTb0L4Gux85Dq2GSfV27n2KI4BzhPbrTTUqiczJ-fvnmhL0wJUiHOXLKs7UTJlwHiovuwCih6rTh8fYj3rf0Xm7TFoASrwifI_4RI23t5uJgWDvi67pVitlcAjwZIFKDABXJWttneIwwX3Eu1Yj2IxX0B-OCR6_xCcA1ol_MqqBw68e1nZXzfzOqm9IQ2U6U&amp;__tn__=-]K-R\"><span class=\"xt0psk2\"><span class=\"xjp7ctv\">Mesa T\u00e9cnica de la Juventud Alta Verapaz<\/span><\/span><\/a><\/span>, conformada por <span class=\"html-span xdj266r x14z9mp xat24cr x1lziwak xexx8yu xyri2b x18d9i69 x1c1uobl x1hl2dhg x16tdsg8 x1vvkbs\"><a class=\"x1i10hfl xjbqb8w x1ejq31n x18oe1m7 x1sy0etr xstzfhl x972fbf x10w94by x1qhh985 x14e42zd x9f619 x1ypdohk xt0psk2 xe8uvvx xdj266r x14z9mp xat24cr x1lziwak xexx8yu xyri2b x18d9i69 x1c1uobl x16tdsg8 x1hl2dhg xggy1nq x1a2a7pz xkrqix3 x1sur9pj x1fey0fg x1s688f\" tabindex=\"0\" role=\"link\" href=\"https:\/\/www.facebook.com\/mercycorps?__cft__[0]=AZV5Jx0rNeqEaBkkGGffzWEdkTb0L4Gux85Dq2GSfV27n2KI4BzhPbrTTUqiczJ-fvnmhL0wJUiHOXLKs7UTJlwHiovuwCih6rTh8fYj3rf0Xm7TFoASrwifI_4RI23t5uJgWDvi67pVitlcAjwZIFKDABXJWttneIwwX3Eu1Yj2IxX0B-OCR6_xCcA1ol_MqqBw68e1nZXzfzOqm9IQ2U6U&amp;__tn__=-]K-R\"><span class=\"xt0psk2\"><span class=\"xjp7ctv\">Mercy Corps<\/span><\/span><\/a><\/span>, <span class=\"html-span xdj266r x14z9mp xat24cr x1lziwak xexx8yu xyri2b x18d9i69 x1c1uobl x1hl2dhg x16tdsg8 x1vvkbs\"><a class=\"x1i10hfl xjbqb8w x1ejq31n x18oe1m7 x1sy0etr xstzfhl x972fbf x10w94by x1qhh985 x14e42zd x9f619 x1ypdohk xt0psk2 xe8uvvx xdj266r x14z9mp xat24cr x1lziwak xexx8yu xyri2b x18d9i69 x1c1uobl x16tdsg8 x1hl2dhg xggy1nq x1a2a7pz xkrqix3 x1sur9pj x1fey0fg x1s688f\" tabindex=\"0\" role=\"link\" href=\"https:\/\/www.facebook.com\/profile.php?id=61572194251335&amp;__cft__[0]=AZV5Jx0rNeqEaBkkGGffzWEdkTb0L4Gux85Dq2GSfV27n2KI4BzhPbrTTUqiczJ-fvnmhL0wJUiHOXLKs7UTJlwHiovuwCih6rTh8fYj3rf0Xm7TFoASrwifI_4RI23t5uJgWDvi67pVitlcAjwZIFKDABXJWttneIwwX3Eu1Yj2IxX0B-OCR6_xCcA1ol_MqqBw68e1nZXzfzOqm9IQ2U6U&amp;__tn__=-]K-R\"><span class=\"xt0psk2\"><span class=\"xjp7ctv\">UPCV Guatemala<\/span><\/span><\/a><\/span>, <span class=\"html-span xdj266r x14z9mp xat24cr x1lziwak xexx8yu xyri2b x18d9i69 x1c1uobl x1hl2dhg x16tdsg8 x1vvkbs\"><a class=\"x1i10hfl xjbqb8w x1ejq31n x18oe1m7 x1sy0etr xstzfhl x972fbf x10w94by x1qhh985 x14e42zd x9f619 x1ypdohk xt0psk2 xe8uvvx xdj266r x14z9mp xat24cr x1lziwak xexx8yu xyri2b x18d9i69 x1c1uobl x16tdsg8 x1hl2dhg xggy1nq x1a2a7pz xkrqix3 x1sur9pj x1fey0fg x1s688f\" tabindex=\"0\" role=\"link\" href=\"https:\/\/www.facebook.com\/amigosdeElRefugio?__cft__[0]=AZV5Jx0rNeqEaBkkGGffzWEdkTb0L4Gux85Dq2GSfV27n2KI4BzhPbrTTUqiczJ-fvnmhL0wJUiHOXLKs7UTJlwHiovuwCih6rTh8fYj3rf0Xm7TFoASrwifI_4RI23t5uJgWDvi67pVitlcAjwZIFKDABXJWttneIwwX3Eu1Yj2IxX0B-OCR6_xCcA1ol_MqqBw68e1nZXzfzOqm9IQ2U6U&amp;__tn__=-]K-R\"><span class=\"xt0psk2\"><span class=\"xjp7ctv\">El Refugio de la Ni\u00f1ez<\/span><\/span><\/a><\/span>, <span class=\"html-span xdj266r x14z9mp xat24cr x1lziwak xexx8yu xyri2b x18d9i69 x1c1uobl x1hl2dhg x16tdsg8 x1vvkbs\"><a class=\"x1i10hfl xjbqb8w x1ejq31n x18oe1m7 x1sy0etr xstzfhl x972fbf x10w94by x1qhh985 x14e42zd x9f619 x1ypdohk xt0psk2 xe8uvvx xdj266r x14z9mp xat24cr x1lziwak xexx8yu xyri2b x18d9i69 x1c1uobl x16tdsg8 x1hl2dhg xggy1nq x1a2a7pz xkrqix3 x1sur9pj x1fey0fg x1s688f\" tabindex=\"0\" role=\"link\" href=\"https:\/\/www.facebook.com\/profile.php?id=61557559409263&amp;__cft__[0]=AZV5Jx0rNeqEaBkkGGffzWEdkTb0L4Gux85Dq2GSfV27n2KI4BzhPbrTTUqiczJ-fvnmhL0wJUiHOXLKs7UTJlwHiovuwCih6rTh8fYj3rf0Xm7TFoASrwifI_4RI23t5uJgWDvi67pVitlcAjwZIFKDABXJWttneIwwX3Eu1Yj2IxX0B-OCR6_xCcA1ol_MqqBw68e1nZXzfzOqm9IQ2U6U&amp;__tn__=-]K-R\"><span class=\"xt0psk2\"><span class=\"xjp7ctv\">Conjuve Guatemala<\/span><\/span><\/a><\/span>, @ISRAID, Gobernaci\u00f3n Departamental de Alta Verapaz y @Conexi\u00f3n Centroam\u00e9rica, quienes trabajan en alianza para ampliar el acceso a derechos, formaci\u00f3n y desarrollo personal para las y los j\u00f3venes.<\/div>\n<\/div>\n<div class=\"x14z9mp xat24cr x1lziwak x1vvkbs xtlvy1s x126k92a\" style=\"text-align: justify;\">\n<div dir=\"auto\">El evento se realiza en el hist\u00f3rico Convento Santo Domingo de Guzm\u00e1n, con la participaci\u00f3n de la @Direcci\u00f3n Departamental de Educaci\u00f3n y <span class=\"html-span xdj266r x14z9mp xat24cr x1lziwak xexx8yu xyri2b x18d9i69 x1c1uobl x1hl2dhg x16tdsg8 x1vvkbs\"><a class=\"x1i10hfl xjbqb8w x1ejq31n x18oe1m7 x1sy0etr xstzfhl x972fbf x10w94by x1qhh985 x14e42zd x9f619 x1ypdohk xt0psk2 xe8uvvx xdj266r x14z9mp xat24cr x1lziwak xexx8yu xyri2b x18d9i69 x1c1uobl x16tdsg8 x1hl2dhg xggy1nq x1a2a7pz xkrqix3 x1sur9pj x1fey0fg x1s688f\" tabindex=\"0\" role=\"link\" href=\"https:\/\/www.facebook.com\/SegeplanGT?__cft__[0]=AZV5Jx0rNeqEaBkkGGffzWEdkTb0L4Gux85Dq2GSfV27n2KI4BzhPbrTTUqiczJ-fvnmhL0wJUiHOXLKs7UTJlwHiovuwCih6rTh8fYj3rf0Xm7TFoASrwifI_4RI23t5uJgWDvi67pVitlcAjwZIFKDABXJWttneIwwX3Eu1Yj2IxX0B-OCR6_xCcA1ol_MqqBw68e1nZXzfzOqm9IQ2U6U&amp;__tn__=-]K-R\"><span class=\"xt0psk2\"><span class=\"xjp7ctv\">SEGEPLAN Guatemala<\/span><\/span><\/a><\/span> como oferentes de oportunidades educativas, becas y orientaci\u00f3n t\u00e9cnica. Tambi\u00e9n se hicieron presentes universidades nacionales e internacionales, comprometidas con ofrecer m\u00e1s de 300 becas y opciones de estudio, reafirmando que el conocimiento debe llegar a todos los rincones del pa\u00eds.<\/div>\n<\/div>\n<div class=\"x14z9mp xat24cr x1lziwak x1vvkbs xtlvy1s x126k92a\" style=\"text-align: justify;\">\n<div dir=\"auto\">Charlas, asesor\u00edas personalizadas y material informativo han sido parte de esta jornada que coloca a la juventud en el centro de las pol\u00edticas p\u00fablicas.<\/div>\n<\/div>\n<div class=\"x14z9mp xat24cr x1lziwak x1vvkbs xtlvy1s x126k92a\">\n<div dir=\"auto\" style=\"text-align: justify;\">Reafirmamos nuestro compromiso de estar presentes en los territorios, promoviendo el acceso a la educaci\u00f3n para todos y todas. Porque el pueblo digno es primero, y se merece una educaci\u00f3n justa, accesible y transformadora<\/div>\n<\/div>\n<p>&nbsp;<\/p>\n<p>&nbsp;<\/p>\n<div><\/div>\n","protected":false},"excerpt":{"rendered":"<p>Una jornada dedicada a las juventudes del departamento, que buscan oportunidades reales para continuar su formaci\u00f3n acad\u00e9mica y construir un mejor futuro. La actividad es impulsada por la Mesa T\u00e9cnica de la Juventud Alta Verapaz, conformada por Mercy Corps, UPCV Guatemala, El Refugio de la Ni\u00f1ez, Conjuve Guatemala, @ISRAID, Gobernaci\u00f3n Departamental de Alta Verapaz y [&hellip;]<\/p>\n","protected":false},"author":1,"featured_media":22583,"comment_status":"closed","ping_status":"open","sticky":false,"template":"","format":"gallery","meta":[],"categories":[183],"tags":[178],"_links":{"self":[{"href":"https:\/\/gobernacionaltaverapaz.gob.gt\/index.php?rest_route=\/wp\/v2\/posts\/22600"}],"collection":[{"href":"https:\/\/gobernacionaltaverapaz.gob.gt\/index.php?rest_route=\/wp\/v2\/posts"}],"about":[{"href":"https:\/\/gobernacionaltaverapaz.gob.gt\/index.php?rest_route=\/wp\/v2\/types\/post"}],"author":[{"embeddable":true,"href":"https:\/\/gobernacionaltaverapaz.gob.gt\/index.php?rest_route=\/wp\/v2\/users\/1"}],"replies":[{"embeddable":true,"href":"https:\/\/gobernacionaltaverapaz.gob.gt\/index.php?rest_route=%2Fwp%2Fv2%2Fcomments&post=22600"}],"version-history":[{"count":1,"href":"https:\/\/gobernacionaltaverapaz.gob.gt\/index.php?rest_route=\/wp\/v2\/posts\/22600\/revisions"}],"predecessor-version":[{"id":22601,"href":"https:\/\/gobernacionaltaverapaz.gob.gt\/index.php?rest_route=\/wp\/v2\/posts\/22600\/revisions\/22601"}],"wp:featuredmedia":[{"embeddable":true,"href":"https:\/\/gobernacionaltaverapaz.gob.gt\/index.php?rest_route=\/wp\/v2\/media\/22583"}],"wp:attachment":[{"href":"https:\/\/gobernacionaltaverapaz.gob.gt\/index.php?rest_route=%2Fwp%2Fv2%2Fmedia&parent=22600"}],"wp:term":[{"taxonomy":"category","embeddable":true,"href":"https:\/\/gobernacionaltaverapaz.gob.gt\/index.php?rest_route=%2Fwp%2Fv2%2Fcategories&post=22600"},{"taxonomy":"post_tag","embeddable":true,"href":"https:\/\/gobernacionaltaverapaz.gob.gt\/index.php?rest_route=%2Fwp%2Fv2%2Ftags&post=22600"}],"curies":[{"name":"wp","href":"https:\/\/api.w.org\/{rel}","templated":true}]}}