{"id":22641,"date":"2025-06-03T11:41:23","date_gmt":"2025-06-03T17:41:23","guid":{"rendered":"https:\/\/gobernacionaltaverapaz.gob.gt\/?p=22641"},"modified":"2025-06-19T01:05:04","modified_gmt":"2025-06-19T07:05:04","slug":"alta-verapaz-celebra-el-traslado-de-personal-por-contrato-al-renglon-011","status":"publish","type":"post","link":"https:\/\/gobernacionaltaverapaz.gob.gt\/?p=22641","title":{"rendered":"Alta Verapaz celebra el traslado de personal por contrato al rengl\u00f3n 011"},"content":{"rendered":"<div class=\"x14z9mp xat24cr x1lziwak x1vvkbs xtlvy1s x126k92a\">\n<div dir=\"auto\" style=\"text-align: justify;\">La Direcci\u00f3n Departamental de Redes Integradas de Servicios de Salud de Alta Verapaz (DDRISS Alta Verapaz) realiz\u00f3 un acto de celebraci\u00f3n por el traslado de trabajadores por contrato al rengl\u00f3n 011 del Ministerio de Salud P\u00fablica y Asistencia Social (MSPAS).<\/div>\n<\/div>\n<div class=\"x14z9mp xat24cr x1lziwak x1vvkbs xtlvy1s x126k92a\" style=\"text-align: justify;\">\n<div dir=\"auto\">Este importante avance representa un paso significativo en la dignificaci\u00f3n laboral del personal de salud, reconociendo su compromiso y vocaci\u00f3n de servicio en favor de las comunidades del departamento.<\/div>\n<\/div>\n<div class=\"x14z9mp xat24cr x1lziwak x1vvkbs xtlvy1s x126k92a\" style=\"text-align: justify;\">\n<div dir=\"auto\">El evento cont\u00f3 con la participaci\u00f3n de autoridades locales, incluyendo a la Gobernadora Departamental y a representantes del Congreso de la Rep\u00fablica, quienes respaldaron este logro que fortalece el sistema p\u00fablico de salud.<\/div>\n<\/div>\n<div class=\"x14z9mp xat24cr x1lziwak x1vvkbs xtlvy1s x126k92a\" style=\"text-align: justify;\">\n<div dir=\"auto\">Desde la Gobernaci\u00f3n Departamental felicitamos a las y los profesionales beneficiados, reafirmando el compromiso del Gobierno del presidente Bernardo Ar\u00e9valo con una salud p\u00fablica digna, justa y cercana a la ciudadan\u00eda.<\/div>\n<\/div>\n<p>&nbsp;<\/p>\n<div><\/div>\n","protected":false},"excerpt":{"rendered":"<p>La Direcci\u00f3n Departamental de Redes Integradas de Servicios de Salud de Alta Verapaz (DDRISS Alta Verapaz) realiz\u00f3 un acto de celebraci\u00f3n por el traslado de trabajadores por contrato al rengl\u00f3n 011 del Ministerio de Salud P\u00fablica y Asistencia Social (MSPAS). Este importante avance representa un paso significativo en la dignificaci\u00f3n laboral del personal de salud, [&hellip;]<\/p>\n","protected":false},"author":1,"featured_media":22629,"comment_status":"closed","ping_status":"open","sticky":false,"template":"","format":"gallery","meta":[],"categories":[183],"tags":[178],"_links":{"self":[{"href":"https:\/\/gobernacionaltaverapaz.gob.gt\/index.php?rest_route=\/wp\/v2\/posts\/22641"}],"collection":[{"href":"https:\/\/gobernacionaltaverapaz.gob.gt\/index.php?rest_route=\/wp\/v2\/posts"}],"about":[{"href":"https:\/\/gobernacionaltaverapaz.gob.gt\/index.php?rest_route=\/wp\/v2\/types\/post"}],"author":[{"embeddable":true,"href":"https:\/\/gobernacionaltaverapaz.gob.gt\/index.php?rest_route=\/wp\/v2\/users\/1"}],"replies":[{"embeddable":true,"href":"https:\/\/gobernacionaltaverapaz.gob.gt\/index.php?rest_route=%2Fwp%2Fv2%2Fcomments&post=22641"}],"version-history":[{"count":1,"href":"https:\/\/gobernacionaltaverapaz.gob.gt\/index.php?rest_route=\/wp\/v2\/posts\/22641\/revisions"}],"predecessor-version":[{"id":22642,"href":"https:\/\/gobernacionaltaverapaz.gob.gt\/index.php?rest_route=\/wp\/v2\/posts\/22641\/revisions\/22642"}],"wp:featuredmedia":[{"embeddable":true,"href":"https:\/\/gobernacionaltaverapaz.gob.gt\/index.php?rest_route=\/wp\/v2\/media\/22629"}],"wp:attachment":[{"href":"https:\/\/gobernacionaltaverapaz.gob.gt\/index.php?rest_route=%2Fwp%2Fv2%2Fmedia&parent=22641"}],"wp:term":[{"taxonomy":"category","embeddable":true,"href":"https:\/\/gobernacionaltaverapaz.gob.gt\/index.php?rest_route=%2Fwp%2Fv2%2Fcategories&post=22641"},{"taxonomy":"post_tag","embeddable":true,"href":"https:\/\/gobernacionaltaverapaz.gob.gt\/index.php?rest_route=%2Fwp%2Fv2%2Ftags&post=22641"}],"curies":[{"name":"wp","href":"https:\/\/api.w.org\/{rel}","templated":true}]}}