{"id":22669,"date":"2025-06-04T16:04:20","date_gmt":"2025-06-04T22:04:20","guid":{"rendered":"https:\/\/gobernacionaltaverapaz.gob.gt\/?p=22669"},"modified":"2025-06-19T01:21:18","modified_gmt":"2025-06-19T07:21:18","slug":"alta-verapaz-avanza-en-gobernanza-local-para-el-agua-el-saneamiento-y-los-desechos-solidos","status":"publish","type":"post","link":"https:\/\/gobernacionaltaverapaz.gob.gt\/?p=22669","title":{"rendered":"Alta Verapaz avanza en gobernanza local para el agua, el saneamiento y los desechos s\u00f3lidos\u00a0"},"content":{"rendered":"<div class=\"xdj266r x14z9mp xat24cr x1lziwak x1vvkbs x126k92a\">\n<div dir=\"auto\" style=\"text-align: justify;\">Desde el Hotel San Rafael, Santa Cruz, autoridades municipales, l\u00edderes comunitarios, t\u00e9cnicos y aliados institucionales participan en el Congreso &#8220;Gobernanza Municipal en Agua, Saneamiento y Desechos S\u00f3lidos&#8221;, impulsado por <span class=\"html-span xdj266r x14z9mp xat24cr x1lziwak xexx8yu xyri2b x18d9i69 x1c1uobl x1hl2dhg x16tdsg8 x1vvkbs\"><a class=\"x1i10hfl xjbqb8w x1ejq31n x18oe1m7 x1sy0etr xstzfhl x972fbf x10w94by x1qhh985 x14e42zd x9f619 x1ypdohk xt0psk2 xe8uvvx xdj266r x14z9mp xat24cr x1lziwak xexx8yu xyri2b x18d9i69 x1c1uobl x16tdsg8 x1hl2dhg xggy1nq x1a2a7pz xkrqix3 x1sur9pj x1fey0fg x1s688f\" tabindex=\"0\" role=\"link\" href=\"https:\/\/www.facebook.com\/infomguatemala?__cft__[0]=AZWPoY-sGiOjpO8tPQ4nQQCFzUE0wJf2AiL61wnq3bxJad5O87d0X4xnpQbhCoJFk8sc9Y05ECMn-4VxE9waH258Pk2nIpPTCnrmceDF8oKL54sndqOKiofxxYQ_tVRhJNXTPiDh-_sx8b4Xy5Z1f-6Hj1F45zssCnZuc79UsGXQtMMIOk9Z8d7Jy4nDNVjEcVtYN745dwI73uATa6QH7xsu&amp;__tn__=-]K-R\"><span class=\"xt0psk2\"><span class=\"xjp7ctv\">Instituto de fomento municipal<\/span><\/span><\/a><\/span>, <span class=\"html-span xdj266r x14z9mp xat24cr x1lziwak xexx8yu xyri2b x18d9i69 x1c1uobl x1hl2dhg x16tdsg8 x1vvkbs\"><a class=\"x1i10hfl xjbqb8w x1ejq31n x18oe1m7 x1sy0etr xstzfhl x972fbf x10w94by x1qhh985 x14e42zd x9f619 x1ypdohk xt0psk2 xe8uvvx xdj266r x14z9mp xat24cr x1lziwak xexx8yu xyri2b x18d9i69 x1c1uobl x16tdsg8 x1hl2dhg xggy1nq x1a2a7pz xkrqix3 x1sur9pj x1fey0fg x1s688f\" tabindex=\"0\" role=\"link\" href=\"https:\/\/www.facebook.com\/astraguatemala?__cft__[0]=AZWPoY-sGiOjpO8tPQ4nQQCFzUE0wJf2AiL61wnq3bxJad5O87d0X4xnpQbhCoJFk8sc9Y05ECMn-4VxE9waH258Pk2nIpPTCnrmceDF8oKL54sndqOKiofxxYQ_tVRhJNXTPiDh-_sx8b4Xy5Z1f-6Hj1F45zssCnZuc79UsGXQtMMIOk9Z8d7Jy4nDNVjEcVtYN745dwI73uATa6QH7xsu&amp;__tn__=-]K-R\"><span class=\"xt0psk2\"><span class=\"xjp7ctv\">Instituto de Liderazo y Gobernanza ASTRA<\/span><\/span><\/a><\/span>, <span class=\"html-span xdj266r x14z9mp xat24cr x1lziwak xexx8yu xyri2b x18d9i69 x1c1uobl x1hl2dhg x16tdsg8 x1vvkbs\"><a class=\"x1i10hfl xjbqb8w x1ejq31n x18oe1m7 x1sy0etr xstzfhl x972fbf x10w94by x1qhh985 x14e42zd x9f619 x1ypdohk xt0psk2 xe8uvvx xdj266r x14z9mp xat24cr x1lziwak xexx8yu xyri2b x18d9i69 x1c1uobl x16tdsg8 x1hl2dhg xggy1nq x1a2a7pz xkrqix3 x1sur9pj x1fey0fg x1s688f\" tabindex=\"0\" role=\"link\" href=\"https:\/\/www.facebook.com\/mercycorps?__cft__[0]=AZWPoY-sGiOjpO8tPQ4nQQCFzUE0wJf2AiL61wnq3bxJad5O87d0X4xnpQbhCoJFk8sc9Y05ECMn-4VxE9waH258Pk2nIpPTCnrmceDF8oKL54sndqOKiofxxYQ_tVRhJNXTPiDh-_sx8b4Xy5Z1f-6Hj1F45zssCnZuc79UsGXQtMMIOk9Z8d7Jy4nDNVjEcVtYN745dwI73uATa6QH7xsu&amp;__tn__=-]K-R\"><span class=\"xt0psk2\"><span class=\"xjp7ctv\">Mercy Corps<\/span><\/span><\/a><\/span> y la <span class=\"html-span xdj266r x14z9mp xat24cr x1lziwak xexx8yu xyri2b x18d9i69 x1c1uobl x1hl2dhg x16tdsg8 x1vvkbs\"><a class=\"x1i10hfl xjbqb8w x1ejq31n x18oe1m7 x1sy0etr xstzfhl x972fbf x10w94by x1qhh985 x14e42zd x9f619 x1ypdohk xt0psk2 xe8uvvx xdj266r x14z9mp xat24cr x1lziwak xexx8yu xyri2b x18d9i69 x1c1uobl x16tdsg8 x1hl2dhg xggy1nq x1a2a7pz xkrqix3 x1sur9pj x1fey0fg x1s688f\" tabindex=\"0\" role=\"link\" href=\"https:\/\/www.facebook.com\/kasguatemala?__cft__[0]=AZWPoY-sGiOjpO8tPQ4nQQCFzUE0wJf2AiL61wnq3bxJad5O87d0X4xnpQbhCoJFk8sc9Y05ECMn-4VxE9waH258Pk2nIpPTCnrmceDF8oKL54sndqOKiofxxYQ_tVRhJNXTPiDh-_sx8b4Xy5Z1f-6Hj1F45zssCnZuc79UsGXQtMMIOk9Z8d7Jy4nDNVjEcVtYN745dwI73uATa6QH7xsu&amp;__tn__=-]K-R\"><span class=\"xt0psk2\"><span class=\"xjp7ctv\">Fundaci\u00f3n Konrad-Adenauer Guatemala<\/span><\/span><\/a><\/span><\/div>\n<\/div>\n<div class=\"x14z9mp xat24cr x1lziwak x1vvkbs xtlvy1s x126k92a\" style=\"text-align: justify;\">\n<div dir=\"auto\">Durante dos d\u00edas de trabajo, se abordan temas clave como:<\/div>\n<\/div>\n<div class=\"x14z9mp xat24cr x1lziwak x1vvkbs xtlvy1s x126k92a\" style=\"text-align: justify;\">\n<div dir=\"auto\">Planificaci\u00f3n y financiamiento municipal<\/div>\n<div dir=\"auto\">Gesti\u00f3n de aguas residuales y residuos s\u00f3lidos<\/div>\n<div dir=\"auto\">Fortalecimiento del Sistema Nacional de Consejos de Desarrollo<\/div>\n<div dir=\"auto\">Participaci\u00f3n ciudadana con enfoque de derechos<\/div>\n<\/div>\n<div class=\"x14z9mp xat24cr x1lziwak x1vvkbs xtlvy1s x126k92a\">\n<div dir=\"auto\" style=\"text-align: justify;\">Este espacio permite construir soluciones desde el territorio, con visi\u00f3n t\u00e9cnica y compromiso colectivo. \u00a1Nuestro departamento merece servicios p\u00fablicos dignos, limpios y sostenibles!<\/div>\n<div dir=\"auto\" style=\"text-align: justify;\">La Gobernadora Departamental de Alta Verapaz, Dilia Margarita C\u00f3 Coy, reafirma su compromiso con el trabajo coordinado por el bienestar de nuestras comunidades.<\/div>\n<\/div>\n<p>&nbsp;<\/p>\n<p>&nbsp;<\/p>\n<div><\/div>\n","protected":false},"excerpt":{"rendered":"<p>Desde el Hotel San Rafael, Santa Cruz, autoridades municipales, l\u00edderes comunitarios, t\u00e9cnicos y aliados institucionales participan en el Congreso &#8220;Gobernanza Municipal en Agua, Saneamiento y Desechos S\u00f3lidos&#8221;, impulsado por Instituto de fomento municipal, Instituto de Liderazo y Gobernanza ASTRA, Mercy Corps y la Fundaci\u00f3n Konrad-Adenauer Guatemala Durante dos d\u00edas de trabajo, se abordan temas clave [&hellip;]<\/p>\n","protected":false},"author":1,"featured_media":22658,"comment_status":"closed","ping_status":"open","sticky":false,"template":"","format":"gallery","meta":[],"categories":[183],"tags":[178],"_links":{"self":[{"href":"https:\/\/gobernacionaltaverapaz.gob.gt\/index.php?rest_route=\/wp\/v2\/posts\/22669"}],"collection":[{"href":"https:\/\/gobernacionaltaverapaz.gob.gt\/index.php?rest_route=\/wp\/v2\/posts"}],"about":[{"href":"https:\/\/gobernacionaltaverapaz.gob.gt\/index.php?rest_route=\/wp\/v2\/types\/post"}],"author":[{"embeddable":true,"href":"https:\/\/gobernacionaltaverapaz.gob.gt\/index.php?rest_route=\/wp\/v2\/users\/1"}],"replies":[{"embeddable":true,"href":"https:\/\/gobernacionaltaverapaz.gob.gt\/index.php?rest_route=%2Fwp%2Fv2%2Fcomments&post=22669"}],"version-history":[{"count":1,"href":"https:\/\/gobernacionaltaverapaz.gob.gt\/index.php?rest_route=\/wp\/v2\/posts\/22669\/revisions"}],"predecessor-version":[{"id":22670,"href":"https:\/\/gobernacionaltaverapaz.gob.gt\/index.php?rest_route=\/wp\/v2\/posts\/22669\/revisions\/22670"}],"wp:featuredmedia":[{"embeddable":true,"href":"https:\/\/gobernacionaltaverapaz.gob.gt\/index.php?rest_route=\/wp\/v2\/media\/22658"}],"wp:attachment":[{"href":"https:\/\/gobernacionaltaverapaz.gob.gt\/index.php?rest_route=%2Fwp%2Fv2%2Fmedia&parent=22669"}],"wp:term":[{"taxonomy":"category","embeddable":true,"href":"https:\/\/gobernacionaltaverapaz.gob.gt\/index.php?rest_route=%2Fwp%2Fv2%2Fcategories&post=22669"},{"taxonomy":"post_tag","embeddable":true,"href":"https:\/\/gobernacionaltaverapaz.gob.gt\/index.php?rest_route=%2Fwp%2Fv2%2Ftags&post=22669"}],"curies":[{"name":"wp","href":"https:\/\/api.w.org\/{rel}","templated":true}]}}