{"id":22684,"date":"2025-06-09T09:36:53","date_gmt":"2025-06-09T15:36:53","guid":{"rendered":"https:\/\/gobernacionaltaverapaz.gob.gt\/?p=22684"},"modified":"2025-06-19T01:27:25","modified_gmt":"2025-06-19T07:27:25","slug":"desfile-inaugural-de-la-feria-senahu-2025","status":"publish","type":"post","link":"https:\/\/gobernacionaltaverapaz.gob.gt\/?p=22684","title":{"rendered":"Desfile inaugural de la Feria Senah\u00fa 2025"},"content":{"rendered":"<div class=\"xdj266r x14z9mp xat24cr x1lziwak x1vvkbs x126k92a\">\n<div dir=\"auto\" style=\"text-align: justify;\">\u00a1Senah\u00fa celebra con orgullo el inicio de su feria!<\/div>\n<\/div>\n<div class=\"x14z9mp xat24cr x1lziwak x1vvkbs xtlvy1s x126k92a\" style=\"text-align: justify;\">\n<div dir=\"auto\">Este 9 de junio, el municipio vivi\u00f3 con alegr\u00eda el desfile inaugural de la <span class=\"html-span xdj266r x14z9mp xat24cr x1lziwak xexx8yu xyri2b x18d9i69 x1c1uobl x1hl2dhg x16tdsg8 x1vvkbs\"><a class=\"x1i10hfl xjbqb8w x1ejq31n x18oe1m7 x1sy0etr xstzfhl x972fbf x10w94by x1qhh985 x14e42zd x9f619 x1ypdohk xt0psk2 xe8uvvx xdj266r x14z9mp xat24cr x1lziwak xexx8yu xyri2b x18d9i69 x1c1uobl x16tdsg8 x1hl2dhg xggy1nq x1a2a7pz xkrqix3 x1sur9pj x1fey0fg x1s688f\" tabindex=\"0\" role=\"link\" href=\"https:\/\/www.facebook.com\/hashtag\/feriasenah%C3%BA2025?__eep__=6&amp;__cft__[0]=AZWEBzkAl0EG0EoUdYDoyzgTKFtbZanEeJBMg2Qg8JPFpe_195LSxLzHN9bATwMmWbEuxJP7LOpb6JTShCcAzAveVu4zneNvhZ0kn7cfDk6QxC9AIUz4ibIsXgfA947ThT600haXoryrxEIHtwrsddyk-oBYtVIB_OOMv_OPTHdX4sPVHA4ZiTlVqfLePtadQosiPrZqLPtZSiX_DkLcwBJ7&amp;__tn__=*NK-R\">#FeriaSenah\u00fa2025<\/a><\/span>, una actividad que reuni\u00f3 a estudiantes, comunidades, autoridades y vecinos, en un ambiente de fiesta, cultura y tradici\u00f3n.<\/div>\n<\/div>\n<div class=\"x14z9mp xat24cr x1lziwak x1vvkbs xtlvy1s x126k92a\" style=\"text-align: justify;\">\n<div dir=\"auto\">Desde la Gobernaci\u00f3n Departamental de Alta Verapaz, acompa\u00f1amos esta jornada como representantes del Ejecutivo en el territorio, reafirmando el compromiso del presidente Bernardo Ar\u00e9valo con el fortalecimiento del tejido social, la participaci\u00f3n ciudadana y el respeto a la identidad de nuestros pueblos.<\/div>\n<\/div>\n<div class=\"x14z9mp xat24cr x1lziwak x1vvkbs xtlvy1s x126k92a\" style=\"text-align: justify;\">\n<div dir=\"auto\">Contamos tambi\u00e9n con la presencia de representantes del Congreso de la Rep\u00fablica, as\u00ed como del se\u00f1or Alcalde Municipal de Cahab\u00f3n, quienes se sumaron a este acto que refleja la unidad y la diversidad que caracterizan a nuestra regi\u00f3n.<\/div>\n<\/div>\n<div class=\"x14z9mp xat24cr x1lziwak x1vvkbs xtlvy1s x126k92a\" style=\"text-align: justify;\">\n<div dir=\"auto\">Con el liderazgo de la Gobernadora Dilia Margarita C\u00f3 Coy, seguimos promoviendo la presencia territorial del Gobierno Central y celebrando el valor de nuestras tradiciones.<\/div>\n<\/div>\n<div class=\"x14z9mp xat24cr x1lziwak x1vvkbs xtlvy1s x126k92a\">\n<div dir=\"auto\" style=\"text-align: justify;\">Porque El Pueblo Digno Es Primero.<\/div>\n<\/div>\n<p>&nbsp;<\/p>\n<p>&nbsp;<\/p>\n<div><\/div>\n<p>&nbsp;<\/p>\n","protected":false},"excerpt":{"rendered":"<p>\u00a1Senah\u00fa celebra con orgullo el inicio de su feria! Este 9 de junio, el municipio vivi\u00f3 con alegr\u00eda el desfile inaugural de la #FeriaSenah\u00fa2025, una actividad que reuni\u00f3 a estudiantes, comunidades, autoridades y vecinos, en un ambiente de fiesta, cultura y tradici\u00f3n. Desde la Gobernaci\u00f3n Departamental de Alta Verapaz, acompa\u00f1amos esta jornada como representantes del [&hellip;]<\/p>\n","protected":false},"author":1,"featured_media":22671,"comment_status":"closed","ping_status":"open","sticky":false,"template":"","format":"gallery","meta":[],"categories":[183],"tags":[178],"_links":{"self":[{"href":"https:\/\/gobernacionaltaverapaz.gob.gt\/index.php?rest_route=\/wp\/v2\/posts\/22684"}],"collection":[{"href":"https:\/\/gobernacionaltaverapaz.gob.gt\/index.php?rest_route=\/wp\/v2\/posts"}],"about":[{"href":"https:\/\/gobernacionaltaverapaz.gob.gt\/index.php?rest_route=\/wp\/v2\/types\/post"}],"author":[{"embeddable":true,"href":"https:\/\/gobernacionaltaverapaz.gob.gt\/index.php?rest_route=\/wp\/v2\/users\/1"}],"replies":[{"embeddable":true,"href":"https:\/\/gobernacionaltaverapaz.gob.gt\/index.php?rest_route=%2Fwp%2Fv2%2Fcomments&post=22684"}],"version-history":[{"count":1,"href":"https:\/\/gobernacionaltaverapaz.gob.gt\/index.php?rest_route=\/wp\/v2\/posts\/22684\/revisions"}],"predecessor-version":[{"id":22685,"href":"https:\/\/gobernacionaltaverapaz.gob.gt\/index.php?rest_route=\/wp\/v2\/posts\/22684\/revisions\/22685"}],"wp:featuredmedia":[{"embeddable":true,"href":"https:\/\/gobernacionaltaverapaz.gob.gt\/index.php?rest_route=\/wp\/v2\/media\/22671"}],"wp:attachment":[{"href":"https:\/\/gobernacionaltaverapaz.gob.gt\/index.php?rest_route=%2Fwp%2Fv2%2Fmedia&parent=22684"}],"wp:term":[{"taxonomy":"category","embeddable":true,"href":"https:\/\/gobernacionaltaverapaz.gob.gt\/index.php?rest_route=%2Fwp%2Fv2%2Fcategories&post=22684"},{"taxonomy":"post_tag","embeddable":true,"href":"https:\/\/gobernacionaltaverapaz.gob.gt\/index.php?rest_route=%2Fwp%2Fv2%2Ftags&post=22684"}],"curies":[{"name":"wp","href":"https:\/\/api.w.org\/{rel}","templated":true}]}}