{"id":22697,"date":"2025-06-11T16:52:44","date_gmt":"2025-06-11T22:52:44","guid":{"rendered":"https:\/\/gobernacionaltaverapaz.gob.gt\/?p=22697"},"modified":"2025-06-19T01:34:44","modified_gmt":"2025-06-19T07:34:44","slug":"fortaleciendo-capacidades-para-proteger-a-quienes-mas-lo-necesitan","status":"publish","type":"post","link":"https:\/\/gobernacionaltaverapaz.gob.gt\/?p=22697","title":{"rendered":"Fortaleciendo capacidades para proteger a quienes m\u00e1s lo necesitan"},"content":{"rendered":"<div class=\"x14z9mp xat24cr x1lziwak x1vvkbs xtlvy1s x126k92a\">\n<div dir=\"auto\" style=\"text-align: justify;\">Durante los d\u00edas 11 y 12 de junio, se realiza el Taller de Respuesta a Emergencia y Protecci\u00f3n en Situaciones de Emergencia.<\/div>\n<\/div>\n<div class=\"x14z9mp xat24cr x1lziwak x1vvkbs xtlvy1s x126k92a\" style=\"text-align: justify;\">\n<div dir=\"auto\">Este espacio reuni\u00f3 a instituciones como <span class=\"html-span xdj266r x14z9mp xat24cr x1lziwak xexx8yu xyri2b x18d9i69 x1c1uobl x1hl2dhg x16tdsg8 x1vvkbs\"><a class=\"x1i10hfl xjbqb8w x1ejq31n x18oe1m7 x1sy0etr xstzfhl x972fbf x10w94by x1qhh985 x14e42zd x9f619 x1ypdohk xt0psk2 xe8uvvx xdj266r x14z9mp xat24cr x1lziwak xexx8yu xyri2b x18d9i69 x1c1uobl x16tdsg8 x1hl2dhg xggy1nq x1a2a7pz xkrqix3 x1sur9pj x1fey0fg x1s688f\" tabindex=\"0\" role=\"link\" href=\"https:\/\/www.facebook.com\/conredgt?__cft__[0]=AZV_KfDfURm8elCuc5yd_9txvRGoAYmAVkp8FR2hZtyr5cBNOsTZWQbuLTGJh_KEpzi1vJTli6DTnduwYL4IIauaolS2d8W0pkyN8FYMFf-mSOWTyji1UTpH2N9kVMt4hvs9wPUHaFaxgR57tgZtPz53e3WtHm0YsmIiZLFPUi8ZBrBL1M0nxx4wOei70nBP-aq1fQ-MX-NaqZNEbE8OSwlY&amp;__tn__=-]K-R\"><span class=\"xt0psk2\"><span class=\"xjp7ctv\">Conred<\/span><\/span><\/a><\/span>, <span class=\"html-span xdj266r x14z9mp xat24cr x1lziwak xexx8yu xyri2b x18d9i69 x1c1uobl x1hl2dhg x16tdsg8 x1vvkbs\"><a class=\"x1i10hfl xjbqb8w x1ejq31n x18oe1m7 x1sy0etr xstzfhl x972fbf x10w94by x1qhh985 x14e42zd x9f619 x1ypdohk xt0psk2 xe8uvvx xdj266r x14z9mp xat24cr x1lziwak xexx8yu xyri2b x18d9i69 x1c1uobl x16tdsg8 x1hl2dhg xggy1nq x1a2a7pz xkrqix3 x1sur9pj x1fey0fg x1s688f\" tabindex=\"0\" role=\"link\" href=\"https:\/\/www.facebook.com\/sosepguatemala?__cft__[0]=AZV_KfDfURm8elCuc5yd_9txvRGoAYmAVkp8FR2hZtyr5cBNOsTZWQbuLTGJh_KEpzi1vJTli6DTnduwYL4IIauaolS2d8W0pkyN8FYMFf-mSOWTyji1UTpH2N9kVMt4hvs9wPUHaFaxgR57tgZtPz53e3WtHm0YsmIiZLFPUi8ZBrBL1M0nxx4wOei70nBP-aq1fQ-MX-NaqZNEbE8OSwlY&amp;__tn__=-]K-R\"><span class=\"xt0psk2\"><span class=\"xjp7ctv\">Secretar\u00eda de Obras Sociales de la Esposa del Presidente<\/span><\/span><\/a><\/span>, <span class=\"html-span xdj266r x14z9mp xat24cr x1lziwak xexx8yu xyri2b x18d9i69 x1c1uobl x1hl2dhg x16tdsg8 x1vvkbs\"><a class=\"x1i10hfl xjbqb8w x1ejq31n x18oe1m7 x1sy0etr xstzfhl x972fbf x10w94by x1qhh985 x14e42zd x9f619 x1ypdohk xt0psk2 xe8uvvx xdj266r x14z9mp xat24cr x1lziwak xexx8yu xyri2b x18d9i69 x1c1uobl x16tdsg8 x1hl2dhg xggy1nq x1a2a7pz xkrqix3 x1sur9pj x1fey0fg x1s688f\" tabindex=\"0\" role=\"link\" href=\"https:\/\/www.facebook.com\/onumujeres?__cft__[0]=AZV_KfDfURm8elCuc5yd_9txvRGoAYmAVkp8FR2hZtyr5cBNOsTZWQbuLTGJh_KEpzi1vJTli6DTnduwYL4IIauaolS2d8W0pkyN8FYMFf-mSOWTyji1UTpH2N9kVMt4hvs9wPUHaFaxgR57tgZtPz53e3WtHm0YsmIiZLFPUi8ZBrBL1M0nxx4wOei70nBP-aq1fQ-MX-NaqZNEbE8OSwlY&amp;__tn__=-]K-R\"><span class=\"xt0psk2\"><span class=\"xjp7ctv\">ONU Mujeres<\/span><\/span><\/a><\/span>, <span class=\"html-span xdj266r x14z9mp xat24cr x1lziwak xexx8yu xyri2b x18d9i69 x1c1uobl x1hl2dhg x16tdsg8 x1vvkbs\"><a class=\"x1i10hfl xjbqb8w x1ejq31n x18oe1m7 x1sy0etr xstzfhl x972fbf x10w94by x1qhh985 x14e42zd x9f619 x1ypdohk xt0psk2 xe8uvvx xdj266r x14z9mp xat24cr x1lziwak xexx8yu xyri2b x18d9i69 x1c1uobl x16tdsg8 x1hl2dhg xggy1nq x1a2a7pz xkrqix3 x1sur9pj x1fey0fg x1s688f\" tabindex=\"0\" role=\"link\" href=\"https:\/\/www.facebook.com\/SEPREM?__cft__[0]=AZV_KfDfURm8elCuc5yd_9txvRGoAYmAVkp8FR2hZtyr5cBNOsTZWQbuLTGJh_KEpzi1vJTli6DTnduwYL4IIauaolS2d8W0pkyN8FYMFf-mSOWTyji1UTpH2N9kVMt4hvs9wPUHaFaxgR57tgZtPz53e3WtHm0YsmIiZLFPUi8ZBrBL1M0nxx4wOei70nBP-aq1fQ-MX-NaqZNEbE8OSwlY&amp;__tn__=-]K-R\"><span class=\"xt0psk2\"><span class=\"xjp7ctv\">Secretar\u00eda Presidencial de la Mujer, Seprem Guatemala<\/span><\/span><\/a><\/span>, <span class=\"html-span xdj266r x14z9mp xat24cr x1lziwak xexx8yu xyri2b x18d9i69 x1c1uobl x1hl2dhg x16tdsg8 x1vvkbs\"><a class=\"x1i10hfl xjbqb8w x1ejq31n x18oe1m7 x1sy0etr xstzfhl x972fbf x10w94by x1qhh985 x14e42zd x9f619 x1ypdohk xt0psk2 xe8uvvx xdj266r x14z9mp xat24cr x1lziwak xexx8yu xyri2b x18d9i69 x1c1uobl x16tdsg8 x1hl2dhg xggy1nq x1a2a7pz xkrqix3 x1sur9pj x1fey0fg x1s688f\" tabindex=\"0\" role=\"link\" href=\"https:\/\/www.facebook.com\/carefans?__cft__[0]=AZV_KfDfURm8elCuc5yd_9txvRGoAYmAVkp8FR2hZtyr5cBNOsTZWQbuLTGJh_KEpzi1vJTli6DTnduwYL4IIauaolS2d8W0pkyN8FYMFf-mSOWTyji1UTpH2N9kVMt4hvs9wPUHaFaxgR57tgZtPz53e3WtHm0YsmIiZLFPUi8ZBrBL1M0nxx4wOei70nBP-aq1fQ-MX-NaqZNEbE8OSwlY&amp;__tn__=-]K-R\"><span class=\"xt0psk2\"><span class=\"xjp7ctv\">CARE<\/span><\/span><\/a><\/span>, <span class=\"html-span xdj266r x14z9mp xat24cr x1lziwak xexx8yu xyri2b x18d9i69 x1c1uobl x1hl2dhg x16tdsg8 x1vvkbs\"><a class=\"x1i10hfl xjbqb8w x1ejq31n x18oe1m7 x1sy0etr xstzfhl x972fbf x10w94by x1qhh985 x14e42zd x9f619 x1ypdohk xt0psk2 xe8uvvx xdj266r x14z9mp xat24cr x1lziwak xexx8yu xyri2b x18d9i69 x1c1uobl x16tdsg8 x1hl2dhg xggy1nq x1a2a7pz xkrqix3 x1sur9pj x1fey0fg x1s688f\" tabindex=\"0\" role=\"link\" href=\"https:\/\/www.facebook.com\/drmercycorpsgt?__cft__[0]=AZV_KfDfURm8elCuc5yd_9txvRGoAYmAVkp8FR2hZtyr5cBNOsTZWQbuLTGJh_KEpzi1vJTli6DTnduwYL4IIauaolS2d8W0pkyN8FYMFf-mSOWTyji1UTpH2N9kVMt4hvs9wPUHaFaxgR57tgZtPz53e3WtHm0YsmIiZLFPUi8ZBrBL1M0nxx4wOei70nBP-aq1fQ-MX-NaqZNEbE8OSwlY&amp;__tn__=-]K-R\"><span class=\"xt0psk2\"><span class=\"xjp7ctv\">Mercy Corps &#8211; Guatemala<\/span><\/span><\/a><\/span> y <span class=\"html-span xdj266r x14z9mp xat24cr x1lziwak xexx8yu xyri2b x18d9i69 x1c1uobl x1hl2dhg x16tdsg8 x1vvkbs\"><a class=\"x1i10hfl xjbqb8w x1ejq31n x18oe1m7 x1sy0etr xstzfhl x972fbf x10w94by x1qhh985 x14e42zd x9f619 x1ypdohk xt0psk2 xe8uvvx xdj266r x14z9mp xat24cr x1lziwak xexx8yu xyri2b x18d9i69 x1c1uobl x16tdsg8 x1hl2dhg xggy1nq x1a2a7pz xkrqix3 x1sur9pj x1fey0fg x1s688f\" tabindex=\"0\" role=\"link\" href=\"https:\/\/www.facebook.com\/WorldFoodProgramme?__cft__[0]=AZV_KfDfURm8elCuc5yd_9txvRGoAYmAVkp8FR2hZtyr5cBNOsTZWQbuLTGJh_KEpzi1vJTli6DTnduwYL4IIauaolS2d8W0pkyN8FYMFf-mSOWTyji1UTpH2N9kVMt4hvs9wPUHaFaxgR57tgZtPz53e3WtHm0YsmIiZLFPUi8ZBrBL1M0nxx4wOei70nBP-aq1fQ-MX-NaqZNEbE8OSwlY&amp;__tn__=-]K-R\"><span class=\"xt0psk2\"><span class=\"xjp7ctv\">World Food Programme<\/span><\/span><\/a><\/span>, con el objetivo de fortalecer las capacidades t\u00e9cnicas de las Direcciones Municipales de la Mujer, las Unidades de Gesti\u00f3n Ambiental Municipal, las instancias de gesti\u00f3n de riesgo y las redes comunitarias de protecci\u00f3n.<\/div>\n<\/div>\n<div class=\"x14z9mp xat24cr x1lziwak x1vvkbs xtlvy1s x126k92a\" style=\"text-align: justify;\">\n<div dir=\"auto\">Se abordaron temas clave como:<\/div>\n<\/div>\n<div class=\"x14z9mp xat24cr x1lziwak x1vvkbs xtlvy1s x126k92a\" style=\"text-align: justify;\">\n<div dir=\"auto\">Administraci\u00f3n de albergues<\/div>\n<div dir=\"auto\">Coordinaci\u00f3n en la respuesta humanitaria<\/div>\n<div dir=\"auto\">Protecci\u00f3n de los derechos humanos<\/div>\n<div dir=\"auto\">Atenci\u00f3n psicosocial y prevenci\u00f3n de violencia basada en g\u00e9nero<\/div>\n<div dir=\"auto\">Garant\u00eda de enfoques de protecci\u00f3n en emergencias<\/div>\n<\/div>\n<div class=\"x14z9mp xat24cr x1lziwak x1vvkbs xtlvy1s x126k92a\" style=\"text-align: justify;\">\n<div dir=\"auto\">Con una activa participaci\u00f3n de los municipios del departamento, se promovi\u00f3 el uso de herramientas pr\u00e1cticas para mejorar la gesti\u00f3n de riesgos y asegurar una respuesta oportuna, articulada y humana ante situaciones de emergencia.<\/div>\n<\/div>\n<div class=\"x14z9mp xat24cr x1lziwak x1vvkbs xtlvy1s x126k92a\">\n<div dir=\"auto\" style=\"text-align: justify;\">Porque el pueblo digno es primero, seguimos articulando esfuerzos por una Alta Verapaz m\u00e1s segura, informada y resiliente.<\/div>\n<\/div>\n<p>&nbsp;<\/p>\n<div><\/div>\n","protected":false},"excerpt":{"rendered":"<p>Durante los d\u00edas 11 y 12 de junio, se realiza el Taller de Respuesta a Emergencia y Protecci\u00f3n en Situaciones de Emergencia. Este espacio reuni\u00f3 a instituciones como Conred, Secretar\u00eda de Obras Sociales de la Esposa del Presidente, ONU Mujeres, Secretar\u00eda Presidencial de la Mujer, Seprem Guatemala, CARE, Mercy Corps &#8211; Guatemala y World Food [&hellip;]<\/p>\n","protected":false},"author":1,"featured_media":22686,"comment_status":"closed","ping_status":"open","sticky":false,"template":"","format":"gallery","meta":[],"categories":[183],"tags":[178],"_links":{"self":[{"href":"https:\/\/gobernacionaltaverapaz.gob.gt\/index.php?rest_route=\/wp\/v2\/posts\/22697"}],"collection":[{"href":"https:\/\/gobernacionaltaverapaz.gob.gt\/index.php?rest_route=\/wp\/v2\/posts"}],"about":[{"href":"https:\/\/gobernacionaltaverapaz.gob.gt\/index.php?rest_route=\/wp\/v2\/types\/post"}],"author":[{"embeddable":true,"href":"https:\/\/gobernacionaltaverapaz.gob.gt\/index.php?rest_route=\/wp\/v2\/users\/1"}],"replies":[{"embeddable":true,"href":"https:\/\/gobernacionaltaverapaz.gob.gt\/index.php?rest_route=%2Fwp%2Fv2%2Fcomments&post=22697"}],"version-history":[{"count":1,"href":"https:\/\/gobernacionaltaverapaz.gob.gt\/index.php?rest_route=\/wp\/v2\/posts\/22697\/revisions"}],"predecessor-version":[{"id":22698,"href":"https:\/\/gobernacionaltaverapaz.gob.gt\/index.php?rest_route=\/wp\/v2\/posts\/22697\/revisions\/22698"}],"wp:featuredmedia":[{"embeddable":true,"href":"https:\/\/gobernacionaltaverapaz.gob.gt\/index.php?rest_route=\/wp\/v2\/media\/22686"}],"wp:attachment":[{"href":"https:\/\/gobernacionaltaverapaz.gob.gt\/index.php?rest_route=%2Fwp%2Fv2%2Fmedia&parent=22697"}],"wp:term":[{"taxonomy":"category","embeddable":true,"href":"https:\/\/gobernacionaltaverapaz.gob.gt\/index.php?rest_route=%2Fwp%2Fv2%2Fcategories&post=22697"},{"taxonomy":"post_tag","embeddable":true,"href":"https:\/\/gobernacionaltaverapaz.gob.gt\/index.php?rest_route=%2Fwp%2Fv2%2Ftags&post=22697"}],"curies":[{"name":"wp","href":"https:\/\/api.w.org\/{rel}","templated":true}]}}