{"id":22708,"date":"2025-06-12T19:05:26","date_gmt":"2025-06-13T01:05:26","guid":{"rendered":"https:\/\/gobernacionaltaverapaz.gob.gt\/?p=22708"},"modified":"2025-06-19T01:50:24","modified_gmt":"2025-06-19T07:50:24","slug":"dialogo-y-accion-que-abren-caminos-de-participacion-y-oportunidades","status":"publish","type":"post","link":"https:\/\/gobernacionaltaverapaz.gob.gt\/?p=22708","title":{"rendered":"Di\u00e1logo y acci\u00f3n que abren caminos de participaci\u00f3n y oportunidades"},"content":{"rendered":"<div class=\"xdj266r x14z9mp xat24cr x1lziwak x1vvkbs x126k92a\">\n<div dir=\"auto\">Desde la Gobernaci\u00f3n Departamental de Alta Verapaz reafirmamos nuestro compromiso con la juventud. Celebramos estos espacios de di\u00e1logo y acci\u00f3n que abren caminos de participaci\u00f3n y oportunidades.<\/div>\n<\/div>\n<div class=\"x14z9mp xat24cr x1lziwak x1vvkbs xtlvy1s x126k92a\">\n<div dir=\"auto\">\u00a1Seguimos trabajando juntos por una juventud protagonista del cambio!<\/div>\n<\/div>\n<p>&nbsp;<\/p>\n<div><\/div>\n","protected":false},"excerpt":{"rendered":"<p>Desde la Gobernaci\u00f3n Departamental de Alta Verapaz reafirmamos nuestro compromiso con la juventud. Celebramos estos espacios de di\u00e1logo y acci\u00f3n que abren caminos de participaci\u00f3n y oportunidades. \u00a1Seguimos trabajando juntos por una juventud protagonista del cambio! &nbsp;<\/p>\n","protected":false},"author":1,"featured_media":22705,"comment_status":"closed","ping_status":"open","sticky":false,"template":"","format":"gallery","meta":[],"categories":[183],"tags":[178],"_links":{"self":[{"href":"https:\/\/gobernacionaltaverapaz.gob.gt\/index.php?rest_route=\/wp\/v2\/posts\/22708"}],"collection":[{"href":"https:\/\/gobernacionaltaverapaz.gob.gt\/index.php?rest_route=\/wp\/v2\/posts"}],"about":[{"href":"https:\/\/gobernacionaltaverapaz.gob.gt\/index.php?rest_route=\/wp\/v2\/types\/post"}],"author":[{"embeddable":true,"href":"https:\/\/gobernacionaltaverapaz.gob.gt\/index.php?rest_route=\/wp\/v2\/users\/1"}],"replies":[{"embeddable":true,"href":"https:\/\/gobernacionaltaverapaz.gob.gt\/index.php?rest_route=%2Fwp%2Fv2%2Fcomments&post=22708"}],"version-history":[{"count":1,"href":"https:\/\/gobernacionaltaverapaz.gob.gt\/index.php?rest_route=\/wp\/v2\/posts\/22708\/revisions"}],"predecessor-version":[{"id":22709,"href":"https:\/\/gobernacionaltaverapaz.gob.gt\/index.php?rest_route=\/wp\/v2\/posts\/22708\/revisions\/22709"}],"wp:featuredmedia":[{"embeddable":true,"href":"https:\/\/gobernacionaltaverapaz.gob.gt\/index.php?rest_route=\/wp\/v2\/media\/22705"}],"wp:attachment":[{"href":"https:\/\/gobernacionaltaverapaz.gob.gt\/index.php?rest_route=%2Fwp%2Fv2%2Fmedia&parent=22708"}],"wp:term":[{"taxonomy":"category","embeddable":true,"href":"https:\/\/gobernacionaltaverapaz.gob.gt\/index.php?rest_route=%2Fwp%2Fv2%2Fcategories&post=22708"},{"taxonomy":"post_tag","embeddable":true,"href":"https:\/\/gobernacionaltaverapaz.gob.gt\/index.php?rest_route=%2Fwp%2Fv2%2Ftags&post=22708"}],"curies":[{"name":"wp","href":"https:\/\/api.w.org\/{rel}","templated":true}]}}