{"id":22723,"date":"2025-06-12T19:07:41","date_gmt":"2025-06-13T01:07:41","guid":{"rendered":"https:\/\/gobernacionaltaverapaz.gob.gt\/?p=22723"},"modified":"2025-06-19T11:27:09","modified_gmt":"2025-06-19T17:27:09","slug":"desfile-que-recorrio-sus-principales-calles","status":"publish","type":"post","link":"https:\/\/gobernacionaltaverapaz.gob.gt\/?p=22723","title":{"rendered":"Desfile que recorri\u00f3 sus principales calles"},"content":{"rendered":"<div class=\"xdj266r x14z9mp xat24cr x1lziwak x1vvkbs x126k92a\">\n<div dir=\"auto\" style=\"text-align: justify;\">Chamelco vibra con el esp\u00edritu de su feria tradicional<\/div>\n<\/div>\n<div class=\"x14z9mp xat24cr x1lziwak x1vvkbs xtlvy1s x126k92a\" style=\"text-align: justify;\">\n<div dir=\"auto\">Este 12 de junio, San Juan Chamelco dio la bienvenida oficial a su feria anual con un colorido desfile que recorri\u00f3 sus principales calles, acompa\u00f1ado por la energ\u00eda de su gente, la creatividad de sus centros educativos y la riqueza de sus expresiones culturales.<\/div>\n<\/div>\n<div class=\"x14z9mp xat24cr x1lziwak x1vvkbs xtlvy1s x126k92a\" style=\"text-align: justify;\">\n<div dir=\"auto\">Desde la Gobernaci\u00f3n Departamental de Alta Verapaz, acompa\u00f1amos con entusiasmo esta celebraci\u00f3n, reconociendo que el rescate de nuestras costumbres, la participaci\u00f3n de la juventud y el fortalecimiento comunitario para el desarrollo integral de nuestros territorios.<\/div>\n<\/div>\n<div class=\"x14z9mp xat24cr x1lziwak x1vvkbs xtlvy1s x126k92a\" style=\"text-align: justify;\">\n<div dir=\"auto\">La Gobernadora Dilia Margarita C\u00f3 Coy comparti\u00f3 esta jornada con autoridades locales y vecinos, en una muestra clara del compromiso institucional con una gesti\u00f3n cercana, inclusiva y respetuosa de la identidad de cada pueblo.<\/div>\n<div dir=\"auto\"><\/div>\n<\/div>\n<div class=\"x14z9mp xat24cr x1lziwak x1vvkbs xtlvy1s x126k92a\">\n<div dir=\"auto\" style=\"text-align: justify;\">Cuando el pueblo celebra su historia, construye su futuro.<\/div>\n<div dir=\"auto\" style=\"text-align: justify;\">Porque El Pueblo Digno Es Primero.<\/div>\n<\/div>\n<p>&nbsp;<\/p>\n<p>&nbsp;<\/p>\n<p>&nbsp;<\/p>\n<div><\/div>\n","protected":false},"excerpt":{"rendered":"<p>Chamelco vibra con el esp\u00edritu de su feria tradicional Este 12 de junio, San Juan Chamelco dio la bienvenida oficial a su feria anual con un colorido desfile que recorri\u00f3 sus principales calles, acompa\u00f1ado por la energ\u00eda de su gente, la creatividad de sus centros educativos y la riqueza de sus expresiones culturales. Desde la [&hellip;]<\/p>\n","protected":false},"author":1,"featured_media":22710,"comment_status":"closed","ping_status":"open","sticky":false,"template":"","format":"gallery","meta":[],"categories":[183],"tags":[178],"_links":{"self":[{"href":"https:\/\/gobernacionaltaverapaz.gob.gt\/index.php?rest_route=\/wp\/v2\/posts\/22723"}],"collection":[{"href":"https:\/\/gobernacionaltaverapaz.gob.gt\/index.php?rest_route=\/wp\/v2\/posts"}],"about":[{"href":"https:\/\/gobernacionaltaverapaz.gob.gt\/index.php?rest_route=\/wp\/v2\/types\/post"}],"author":[{"embeddable":true,"href":"https:\/\/gobernacionaltaverapaz.gob.gt\/index.php?rest_route=\/wp\/v2\/users\/1"}],"replies":[{"embeddable":true,"href":"https:\/\/gobernacionaltaverapaz.gob.gt\/index.php?rest_route=%2Fwp%2Fv2%2Fcomments&post=22723"}],"version-history":[{"count":1,"href":"https:\/\/gobernacionaltaverapaz.gob.gt\/index.php?rest_route=\/wp\/v2\/posts\/22723\/revisions"}],"predecessor-version":[{"id":22724,"href":"https:\/\/gobernacionaltaverapaz.gob.gt\/index.php?rest_route=\/wp\/v2\/posts\/22723\/revisions\/22724"}],"wp:featuredmedia":[{"embeddable":true,"href":"https:\/\/gobernacionaltaverapaz.gob.gt\/index.php?rest_route=\/wp\/v2\/media\/22710"}],"wp:attachment":[{"href":"https:\/\/gobernacionaltaverapaz.gob.gt\/index.php?rest_route=%2Fwp%2Fv2%2Fmedia&parent=22723"}],"wp:term":[{"taxonomy":"category","embeddable":true,"href":"https:\/\/gobernacionaltaverapaz.gob.gt\/index.php?rest_route=%2Fwp%2Fv2%2Fcategories&post=22723"},{"taxonomy":"post_tag","embeddable":true,"href":"https:\/\/gobernacionaltaverapaz.gob.gt\/index.php?rest_route=%2Fwp%2Fv2%2Ftags&post=22723"}],"curies":[{"name":"wp","href":"https:\/\/api.w.org\/{rel}","templated":true}]}}