{"id":22744,"date":"2025-06-16T08:29:50","date_gmt":"2025-06-16T14:29:50","guid":{"rendered":"https:\/\/gobernacionaltaverapaz.gob.gt\/?p=22744"},"modified":"2025-06-19T11:53:41","modified_gmt":"2025-06-19T17:53:41","slug":"alta-verapaz-fortalece-la-prevencion-con-la-juventud-al-centro-de-las-acciones","status":"publish","type":"post","link":"https:\/\/gobernacionaltaverapaz.gob.gt\/?p=22744","title":{"rendered":"Alta Verapaz fortalece la prevenci\u00f3n con la juventud al centro de las acciones"},"content":{"rendered":"<div class=\"x14z9mp xat24cr x1lziwak x1vvkbs xtlvy1s x126k92a\">\n<div dir=\"auto\" style=\"text-align: justify;\">Bajo el liderazgo y la coordinaci\u00f3n de la Gobernadora Departamental de Alta Verapaz, la Polic\u00eda Nacional Civil contin\u00faa consolidando un modelo de seguridad preventiva y comunitaria en el territorio, especialmente enfocado en la juventud y las causas estructurales de la violencia.<\/div>\n<\/div>\n<div class=\"x14z9mp xat24cr x1lziwak x1vvkbs xtlvy1s x126k92a\" style=\"text-align: justify;\">\n<div dir=\"auto\">El pasado 13 de junio, agentes de la Polic\u00eda Nacional Civil sostuvieron un importante encuentro en la Aldea Sesis, regi\u00f3n de Campur, San Pedro Carch\u00e1, con l\u00edderes comunitarios, el alcalde auxiliar, representantes de la alcald\u00eda municipal, el comit\u00e9 femenino, la Comisi\u00f3n de Prevenci\u00f3n de la Violencia y el Delito, y el presidente del COCODE.<\/div>\n<\/div>\n<div class=\"x14z9mp xat24cr x1lziwak x1vvkbs xtlvy1s x126k92a\" style=\"text-align: justify;\">\n<div dir=\"auto\">Durante la reuni\u00f3n, se reafirm\u00f3 el compromiso conjunto por fortalecer la seguridad desde una visi\u00f3n participativa, escuchando a la comunidad, identificando problem\u00e1ticas locales, y encontrando soluciones colectivas. Se abordaron con seriedad los efectos negativos del alcoholismo, especialmente en j\u00f3venes, y su posible vinculaci\u00f3n con suicidios en la regi\u00f3n.<\/div>\n<\/div>\n<div class=\"x14z9mp xat24cr x1lziwak x1vvkbs xtlvy1s x126k92a\" style=\"text-align: justify;\">\n<div dir=\"auto\">Como resultado de este di\u00e1logo, los propietarios de cuatro tiendas que vend\u00edan bebidas alcoh\u00f3licas decidieron voluntariamente, y con respaldo de sus vecinos, firmar un acta de compromiso para dejar de comercializar estos productos. Esta medida ejemplar busca preservar la paz, el orden y el bienestar colectivo, en especial el de los m\u00e1s j\u00f3venes.<\/div>\n<\/div>\n<div class=\"x14z9mp xat24cr x1lziwak x1vvkbs xtlvy1s x126k92a\" style=\"text-align: justify;\">\n<div dir=\"auto\">Este tipo de acciones son muestra concreta de c\u00f3mo la seguridad ciudadana se construye desde las comunidades, con una Polic\u00eda Nacional Civil cercana, orientada a la prevenci\u00f3n y al respeto de los derechos humanos, alineada con la Pol\u00edtica Nacional de Seguridad y el modelo de Seguridad Democr\u00e1tica promovido por el Gobierno de Guatemala.<\/div>\n<\/div>\n<div class=\"x14z9mp xat24cr x1lziwak x1vvkbs xtlvy1s x126k92a\">\n<div dir=\"auto\" style=\"text-align: justify;\">Seguimos trabajando por una Alta Verapaz m\u00e1s segura, en donde la juventud encuentre oportunidades y no amenazas.<\/div>\n<div dir=\"auto\"><\/div>\n<\/div>\n<div class=\"x14z9mp xat24cr x1lziwak x1vvkbs xtlvy1s x126k92a\">\n<div dir=\"auto\">NO HAY MA\u00d1ANA, LA SEGURIDAD ES HOY<\/div>\n<\/div>\n<p>&nbsp;<\/p>\n<div><\/div>\n","protected":false},"excerpt":{"rendered":"<p>Bajo el liderazgo y la coordinaci\u00f3n de la Gobernadora Departamental de Alta Verapaz, la Polic\u00eda Nacional Civil contin\u00faa consolidando un modelo de seguridad preventiva y comunitaria en el territorio, especialmente enfocado en la juventud y las causas estructurales de la violencia. El pasado 13 de junio, agentes de la Polic\u00eda Nacional Civil sostuvieron un importante [&hellip;]<\/p>\n","protected":false},"author":1,"featured_media":22739,"comment_status":"closed","ping_status":"open","sticky":false,"template":"","format":"gallery","meta":[],"categories":[183],"tags":[178],"_links":{"self":[{"href":"https:\/\/gobernacionaltaverapaz.gob.gt\/index.php?rest_route=\/wp\/v2\/posts\/22744"}],"collection":[{"href":"https:\/\/gobernacionaltaverapaz.gob.gt\/index.php?rest_route=\/wp\/v2\/posts"}],"about":[{"href":"https:\/\/gobernacionaltaverapaz.gob.gt\/index.php?rest_route=\/wp\/v2\/types\/post"}],"author":[{"embeddable":true,"href":"https:\/\/gobernacionaltaverapaz.gob.gt\/index.php?rest_route=\/wp\/v2\/users\/1"}],"replies":[{"embeddable":true,"href":"https:\/\/gobernacionaltaverapaz.gob.gt\/index.php?rest_route=%2Fwp%2Fv2%2Fcomments&post=22744"}],"version-history":[{"count":2,"href":"https:\/\/gobernacionaltaverapaz.gob.gt\/index.php?rest_route=\/wp\/v2\/posts\/22744\/revisions"}],"predecessor-version":[{"id":22746,"href":"https:\/\/gobernacionaltaverapaz.gob.gt\/index.php?rest_route=\/wp\/v2\/posts\/22744\/revisions\/22746"}],"wp:featuredmedia":[{"embeddable":true,"href":"https:\/\/gobernacionaltaverapaz.gob.gt\/index.php?rest_route=\/wp\/v2\/media\/22739"}],"wp:attachment":[{"href":"https:\/\/gobernacionaltaverapaz.gob.gt\/index.php?rest_route=%2Fwp%2Fv2%2Fmedia&parent=22744"}],"wp:term":[{"taxonomy":"category","embeddable":true,"href":"https:\/\/gobernacionaltaverapaz.gob.gt\/index.php?rest_route=%2Fwp%2Fv2%2Fcategories&post=22744"},{"taxonomy":"post_tag","embeddable":true,"href":"https:\/\/gobernacionaltaverapaz.gob.gt\/index.php?rest_route=%2Fwp%2Fv2%2Ftags&post=22744"}],"curies":[{"name":"wp","href":"https:\/\/api.w.org\/{rel}","templated":true}]}}