{"id":22767,"date":"2025-06-18T15:36:09","date_gmt":"2025-06-18T21:36:09","guid":{"rendered":"https:\/\/gobernacionaltaverapaz.gob.gt\/?p=22767"},"modified":"2025-06-19T12:14:33","modified_gmt":"2025-06-19T18:14:33","slug":"inauguracion-de-la-planta-procesadora-de-grano-de-cacao-de-la-cooperativa-coopekakaw-r-l-y-asociacion-apodip","status":"publish","type":"post","link":"https:\/\/gobernacionaltaverapaz.gob.gt\/?p=22767","title":{"rendered":"Inauguraci\u00f3n de la planta procesadora de grano de cacao de la Cooperativa Coopekakaw R.L. y Asociaci\u00f3n Apodip"},"content":{"rendered":"<div class=\"xdj266r x14z9mp xat24cr x1lziwak x1vvkbs x126k92a\">\n<div dir=\"auto\" style=\"text-align: justify;\">El se\u00f1or Presidente Bernardo Ar\u00e9valo de Le\u00f3n junto con la Ministra de Agricultura, Ganader\u00eda y Alimentaci\u00f3n Mar\u00eda Fernanda Rivera, acompa\u00f1ados por la Gobernadora Departamental de Alta Verapaz Dilia Margarita C\u00f3 Coy inauguraron la planta procesadora de grano de cacao de la Cooperativa Coopekakaw R.L. y Asociaci\u00f3n Apodip.<\/div>\n<\/div>\n<div class=\"x14z9mp xat24cr x1lziwak x1vvkbs xtlvy1s x126k92a\" style=\"text-align: justify;\">\n<div dir=\"auto\">Esta planta es un paso clave para fortalecer la cadena de valor del cacao y dinamizar la econom\u00eda local en el Valle del Polochic, generando empleos y mejores ingresos para los peque\u00f1os productores.<\/div>\n<\/div>\n<div class=\"x14z9mp xat24cr x1lziwak x1vvkbs xtlvy1s x126k92a\" style=\"text-align: justify;\">\n<div dir=\"auto\">Tom\u00e1s Reyes, representante de APODIP, agradeci\u00f3 el respaldo del gobierno y reafirm\u00f3 el compromiso de las organizaciones locales para seguir trabajando por un modelo productivo justo y con identidad territorial.<\/div>\n<\/div>\n<div class=\"x14z9mp xat24cr x1lziwak x1vvkbs xtlvy1s x126k92a\" style=\"text-align: justify;\">\n<div dir=\"auto\">La ministra se\u00f1al\u00f3 que se cuenta con un proyecto que impulsa la producci\u00f3n de cacao de calidad, genera mejores precios para los productores y fortalece la competitividad en los mercados.<\/div>\n<\/div>\n<div class=\"x14z9mp xat24cr x1lziwak x1vvkbs xtlvy1s x126k92a\" style=\"text-align: justify;\">\n<div dir=\"auto\">\u201cEste es el inicio de nuevas oportunidades para cinco mil familias que han depositado su esfuerzo y esperanza en el cultivo del cacao\u201d, afirm\u00f3.<\/div>\n<\/div>\n<div class=\"x14z9mp xat24cr x1lziwak x1vvkbs xtlvy1s x126k92a\">\n<div dir=\"auto\" style=\"text-align: justify;\">El presidente destac\u00f3 que, como Gobierno, existe un firme compromiso con el desarrollo sostenible que comienza en el campo, a trav\u00e9s de proyectos como este, que integran productividad, equidad y sostenibilidad.<\/div>\n<\/div>\n<p>&nbsp;<\/p>\n<p>&nbsp;<\/p>\n<div><\/div>\n","protected":false},"excerpt":{"rendered":"<p>El se\u00f1or Presidente Bernardo Ar\u00e9valo de Le\u00f3n junto con la Ministra de Agricultura, Ganader\u00eda y Alimentaci\u00f3n Mar\u00eda Fernanda Rivera, acompa\u00f1ados por la Gobernadora Departamental de Alta Verapaz Dilia Margarita C\u00f3 Coy inauguraron la planta procesadora de grano de cacao de la Cooperativa Coopekakaw R.L. y Asociaci\u00f3n Apodip. Esta planta es un paso clave para fortalecer [&hellip;]<\/p>\n","protected":false},"author":1,"featured_media":22756,"comment_status":"closed","ping_status":"open","sticky":false,"template":"","format":"gallery","meta":[],"categories":[183],"tags":[178],"_links":{"self":[{"href":"https:\/\/gobernacionaltaverapaz.gob.gt\/index.php?rest_route=\/wp\/v2\/posts\/22767"}],"collection":[{"href":"https:\/\/gobernacionaltaverapaz.gob.gt\/index.php?rest_route=\/wp\/v2\/posts"}],"about":[{"href":"https:\/\/gobernacionaltaverapaz.gob.gt\/index.php?rest_route=\/wp\/v2\/types\/post"}],"author":[{"embeddable":true,"href":"https:\/\/gobernacionaltaverapaz.gob.gt\/index.php?rest_route=\/wp\/v2\/users\/1"}],"replies":[{"embeddable":true,"href":"https:\/\/gobernacionaltaverapaz.gob.gt\/index.php?rest_route=%2Fwp%2Fv2%2Fcomments&post=22767"}],"version-history":[{"count":1,"href":"https:\/\/gobernacionaltaverapaz.gob.gt\/index.php?rest_route=\/wp\/v2\/posts\/22767\/revisions"}],"predecessor-version":[{"id":22768,"href":"https:\/\/gobernacionaltaverapaz.gob.gt\/index.php?rest_route=\/wp\/v2\/posts\/22767\/revisions\/22768"}],"wp:featuredmedia":[{"embeddable":true,"href":"https:\/\/gobernacionaltaverapaz.gob.gt\/index.php?rest_route=\/wp\/v2\/media\/22756"}],"wp:attachment":[{"href":"https:\/\/gobernacionaltaverapaz.gob.gt\/index.php?rest_route=%2Fwp%2Fv2%2Fmedia&parent=22767"}],"wp:term":[{"taxonomy":"category","embeddable":true,"href":"https:\/\/gobernacionaltaverapaz.gob.gt\/index.php?rest_route=%2Fwp%2Fv2%2Fcategories&post=22767"},{"taxonomy":"post_tag","embeddable":true,"href":"https:\/\/gobernacionaltaverapaz.gob.gt\/index.php?rest_route=%2Fwp%2Fv2%2Ftags&post=22767"}],"curies":[{"name":"wp","href":"https:\/\/api.w.org\/{rel}","templated":true}]}}