{"id":22797,"date":"2025-06-20T11:03:26","date_gmt":"2025-06-20T17:03:26","guid":{"rendered":"https:\/\/gobernacionaltaverapaz.gob.gt\/?p=22797"},"modified":"2025-09-05T10:25:06","modified_gmt":"2025-09-05T16:25:06","slug":"entrega-de-licencias-pearson-para-estudiar-el-idioma-ingles-en-el-instituto-de-bachillerato","status":"publish","type":"post","link":"https:\/\/gobernacionaltaverapaz.gob.gt\/?p=22797","title":{"rendered":"Entrega de licencias PEARSON para estudiar el idioma Ingl\u00e9s en el Instituto de Bachillerato"},"content":{"rendered":"<div class=\"xdj266r x14z9mp xat24cr x1lziwak x1vvkbs x126k92a\">\n<div dir=\"auto\" style=\"text-align: justify;\">El Director Departamental de Educaci\u00f3n y Sub Director T\u00e9cnico Pedag\u00f3gico realizaron este jueves 19 de junio visitas a las Coordinaciones Distritales de La Tinta y Tucur\u00fa para acompa\u00f1ar y respaldar las acciones administrativas que desarrollan los jefes distritales de aquellos municipios para garantizar la atenci\u00f3n de los estudiantes en los establecimentos educativos.<\/div>\n<\/div>\n<div class=\"x14z9mp xat24cr x1lziwak x1vvkbs xtlvy1s x126k92a\" style=\"text-align: justify;\">\n<div dir=\"auto\">En Tucur\u00fa se acompa\u00f1\u00f3 a la Directora de DIGEBI Licda. Dalia Suhul en la entrega de licencias PEARSON para estudiar el idioma Ingl\u00e9s en el Instituto de Bachillerato. Habiendo tambi\u00e9n monitoreado en el INEB la elaboraci\u00f3n de propuesta de men\u00fa para el programa de Alimentaci\u00f3n Escolar, elaborada por docentes y representantes de la organizaci\u00f3n de padres de familia OPF.<\/div>\n<\/div>\n<div class=\"x14z9mp xat24cr x1lziwak x1vvkbs xtlvy1s x126k92a\">\n<div dir=\"auto\" style=\"text-align: justify;\">Las acciones articuladas del Ministerio de Educaci\u00f3n, lideradas por la se\u00f1ora Ministra Anabella Giracca avanzan con paso firme hacia la mejora de las condiciones educativas.<\/div>\n<\/div>\n<p>&nbsp;<\/p>\n<div><\/div>\n","protected":false},"excerpt":{"rendered":"<p>El Director Departamental de Educaci\u00f3n y Sub Director T\u00e9cnico Pedag\u00f3gico realizaron este jueves 19 de junio visitas a las Coordinaciones Distritales de La Tinta y Tucur\u00fa para acompa\u00f1ar y respaldar las acciones administrativas que desarrollan los jefes distritales de aquellos municipios para garantizar la atenci\u00f3n de los estudiantes en los establecimentos educativos. En Tucur\u00fa se [&hellip;]<\/p>\n","protected":false},"author":1,"featured_media":22793,"comment_status":"closed","ping_status":"open","sticky":false,"template":"","format":"gallery","meta":[],"categories":[183,2],"tags":[178],"_links":{"self":[{"href":"https:\/\/gobernacionaltaverapaz.gob.gt\/index.php?rest_route=\/wp\/v2\/posts\/22797"}],"collection":[{"href":"https:\/\/gobernacionaltaverapaz.gob.gt\/index.php?rest_route=\/wp\/v2\/posts"}],"about":[{"href":"https:\/\/gobernacionaltaverapaz.gob.gt\/index.php?rest_route=\/wp\/v2\/types\/post"}],"author":[{"embeddable":true,"href":"https:\/\/gobernacionaltaverapaz.gob.gt\/index.php?rest_route=\/wp\/v2\/users\/1"}],"replies":[{"embeddable":true,"href":"https:\/\/gobernacionaltaverapaz.gob.gt\/index.php?rest_route=%2Fwp%2Fv2%2Fcomments&post=22797"}],"version-history":[{"count":1,"href":"https:\/\/gobernacionaltaverapaz.gob.gt\/index.php?rest_route=\/wp\/v2\/posts\/22797\/revisions"}],"predecessor-version":[{"id":22798,"href":"https:\/\/gobernacionaltaverapaz.gob.gt\/index.php?rest_route=\/wp\/v2\/posts\/22797\/revisions\/22798"}],"wp:featuredmedia":[{"embeddable":true,"href":"https:\/\/gobernacionaltaverapaz.gob.gt\/index.php?rest_route=\/wp\/v2\/media\/22793"}],"wp:attachment":[{"href":"https:\/\/gobernacionaltaverapaz.gob.gt\/index.php?rest_route=%2Fwp%2Fv2%2Fmedia&parent=22797"}],"wp:term":[{"taxonomy":"category","embeddable":true,"href":"https:\/\/gobernacionaltaverapaz.gob.gt\/index.php?rest_route=%2Fwp%2Fv2%2Fcategories&post=22797"},{"taxonomy":"post_tag","embeddable":true,"href":"https:\/\/gobernacionaltaverapaz.gob.gt\/index.php?rest_route=%2Fwp%2Fv2%2Ftags&post=22797"}],"curies":[{"name":"wp","href":"https:\/\/api.w.org\/{rel}","templated":true}]}}