{"id":22812,"date":"2025-06-20T14:57:07","date_gmt":"2025-06-20T20:57:07","guid":{"rendered":"https:\/\/gobernacionaltaverapaz.gob.gt\/?p=22812"},"modified":"2025-09-05T10:51:07","modified_gmt":"2025-09-05T16:51:07","slug":"reconocimiento-al-magisterio-de-alta-verapaz","status":"publish","type":"post","link":"https:\/\/gobernacionaltaverapaz.gob.gt\/?p=22812","title":{"rendered":"Reconocimiento al Magisterio de Alta Verapaz"},"content":{"rendered":"<div class=\"x14z9mp xat24cr x1lziwak x1vvkbs xtlvy1s x126k92a\">\n<div dir=\"auto\" style=\"text-align: justify;\">En un acto lleno de orgullo y gratitud, este 20 de junio se entreg\u00f3 el Galard\u00f3n Departamental del Magisterio 2025, en reconocimiento a docentes que han dejado huella en sus comunidades a trav\u00e9s de una ense\u00f1anza comprometida, solidaria y transformadora.<\/div>\n<\/div>\n<div class=\"x14z9mp xat24cr x1lziwak x1vvkbs xtlvy1s x126k92a\" style=\"text-align: justify;\">\n<div dir=\"auto\">Docentes Galardonados:<\/div>\n<div dir=\"auto\">Gerty Anotonieta Barrios Mili\u00e1n<\/div>\n<div dir=\"auto\">Fredy Manuel Osorio C\u00f3<\/div>\n<div dir=\"auto\">Fredy Arnulfo Rodr\u00edguez Trinidad<\/div>\n<div dir=\"auto\">Elida Yolanda Pacay Cac<\/div>\n<div dir=\"auto\">Fredy Guillermo Cuc M\u00f3<\/div>\n<div dir=\"auto\">Braulio Efra\u00edn Yaxcal Cuz<\/div>\n<\/div>\n<div class=\"x14z9mp xat24cr x1lziwak x1vvkbs xtlvy1s x126k92a\" style=\"text-align: justify;\">\n<div dir=\"auto\">Desde la Gobernaci\u00f3n Departamental de Alta Verapaz, expresamos nuestra profunda admiraci\u00f3n y felicitaci\u00f3n a quienes d\u00eda a d\u00eda entregan lo mejor de s\u00ed para formar a las nuevas generaciones. Su vocaci\u00f3n no solo educa, tambi\u00e9n dignifica.<\/div>\n<\/div>\n<div class=\"x14z9mp xat24cr x1lziwak x1vvkbs xtlvy1s x126k92a\" style=\"text-align: justify;\">\n<div dir=\"auto\">En este marco, recordamos con respeto y admiraci\u00f3n a la profesora Mar\u00eda Chinchilla, s\u00edmbolo del magisterio guatemalteco, cuyo legado inspira el compromiso, la valent\u00eda y el amor por la educaci\u00f3n como herramienta de justicia y transformaci\u00f3n social.<\/div>\n<\/div>\n<div class=\"x14z9mp xat24cr x1lziwak x1vvkbs xtlvy1s x126k92a\" style=\"text-align: justify;\">\n<div dir=\"auto\"><\/div>\n<div dir=\"auto\">&#8220;Un pa\u00eds con buenos maestros, es un pa\u00eds con futuro.&#8221;<\/div>\n<\/div>\n<div class=\"x14z9mp xat24cr x1lziwak x1vvkbs xtlvy1s x126k92a\">\n<div dir=\"auto\" style=\"text-align: justify;\">\u00a1Gracias por hacer de la educaci\u00f3n una herramienta de dignidad y esperanza para el pueblo de Guatemala!<\/div>\n<\/div>\n<p>&nbsp;<\/p>\n<p>&nbsp;<\/p>\n<div><\/div>\n","protected":false},"excerpt":{"rendered":"<p>En un acto lleno de orgullo y gratitud, este 20 de junio se entreg\u00f3 el Galard\u00f3n Departamental del Magisterio 2025, en reconocimiento a docentes que han dejado huella en sus comunidades a trav\u00e9s de una ense\u00f1anza comprometida, solidaria y transformadora. Docentes Galardonados: Gerty Anotonieta Barrios Mili\u00e1n Fredy Manuel Osorio C\u00f3 Fredy Arnulfo Rodr\u00edguez Trinidad Elida [&hellip;]<\/p>\n","protected":false},"author":1,"featured_media":22799,"comment_status":"closed","ping_status":"open","sticky":false,"template":"","format":"gallery","meta":[],"categories":[183],"tags":[178],"_links":{"self":[{"href":"https:\/\/gobernacionaltaverapaz.gob.gt\/index.php?rest_route=\/wp\/v2\/posts\/22812"}],"collection":[{"href":"https:\/\/gobernacionaltaverapaz.gob.gt\/index.php?rest_route=\/wp\/v2\/posts"}],"about":[{"href":"https:\/\/gobernacionaltaverapaz.gob.gt\/index.php?rest_route=\/wp\/v2\/types\/post"}],"author":[{"embeddable":true,"href":"https:\/\/gobernacionaltaverapaz.gob.gt\/index.php?rest_route=\/wp\/v2\/users\/1"}],"replies":[{"embeddable":true,"href":"https:\/\/gobernacionaltaverapaz.gob.gt\/index.php?rest_route=%2Fwp%2Fv2%2Fcomments&post=22812"}],"version-history":[{"count":2,"href":"https:\/\/gobernacionaltaverapaz.gob.gt\/index.php?rest_route=\/wp\/v2\/posts\/22812\/revisions"}],"predecessor-version":[{"id":22814,"href":"https:\/\/gobernacionaltaverapaz.gob.gt\/index.php?rest_route=\/wp\/v2\/posts\/22812\/revisions\/22814"}],"wp:featuredmedia":[{"embeddable":true,"href":"https:\/\/gobernacionaltaverapaz.gob.gt\/index.php?rest_route=\/wp\/v2\/media\/22799"}],"wp:attachment":[{"href":"https:\/\/gobernacionaltaverapaz.gob.gt\/index.php?rest_route=%2Fwp%2Fv2%2Fmedia&parent=22812"}],"wp:term":[{"taxonomy":"category","embeddable":true,"href":"https:\/\/gobernacionaltaverapaz.gob.gt\/index.php?rest_route=%2Fwp%2Fv2%2Fcategories&post=22812"},{"taxonomy":"post_tag","embeddable":true,"href":"https:\/\/gobernacionaltaverapaz.gob.gt\/index.php?rest_route=%2Fwp%2Fv2%2Ftags&post=22812"}],"curies":[{"name":"wp","href":"https:\/\/api.w.org\/{rel}","templated":true}]}}