{"id":22839,"date":"2025-06-24T15:34:46","date_gmt":"2025-06-24T21:34:46","guid":{"rendered":"https:\/\/gobernacionaltaverapaz.gob.gt\/?p=22839"},"modified":"2025-09-05T11:22:23","modified_gmt":"2025-09-05T17:22:23","slug":"san-pedro-carcha-celebra-con-alegria-su-desfile-inaugural-de-feria-2025","status":"publish","type":"post","link":"https:\/\/gobernacionaltaverapaz.gob.gt\/?p=22839","title":{"rendered":"San Pedro Carch\u00e1 celebra con alegr\u00eda su Desfile Inaugural de Feria 2025"},"content":{"rendered":"<div class=\"x14z9mp xat24cr x1lziwak x1vvkbs xtlvy1s x126k92a\">\n<div dir=\"auto\" style=\"text-align: justify;\">Con entusiasmo, colorido y participaci\u00f3n ciudadana, el municipio de San Pedro Carch\u00e1 dio inicio a su Feria Titular 2025 con un espectacular desfile que recorri\u00f3 las principales calles del municipio.<\/div>\n<\/div>\n<div class=\"x14z9mp xat24cr x1lziwak x1vvkbs xtlvy1s x126k92a\" style=\"text-align: justify;\">\n<div dir=\"auto\">Autoridades municipales, centros educativos, bandas escolares y vecinos acompa\u00f1aron esta actividad que marca el inicio de una semana de unidad, tradici\u00f3n y convivencia pac\u00edfica.<\/div>\n<\/div>\n<div class=\"x14z9mp xat24cr x1lziwak x1vvkbs xtlvy1s x126k92a\" style=\"text-align: justify;\">\n<div dir=\"auto\">La Gobernaci\u00f3n Departamental de Alta Verapaz, bajo el liderazgo de la Gobernadora Dilia Margarita C\u00f3 Coy, felicita al pueblo de San Pedro Carch\u00e1 por preservar sus costumbres con orgullo y alegr\u00eda, y reafirma su compromiso de continuar trabajando por el bienestar y desarrollo de las comunidades.<\/div>\n<\/div>\n<div class=\"x14z9mp xat24cr x1lziwak x1vvkbs xtlvy1s x126k92a\">\n<div dir=\"auto\" style=\"text-align: justify;\">Porque el pueblo digno es primero.<\/div>\n<\/div>\n<p>&nbsp;<\/p>\n<div><\/div>\n","protected":false},"excerpt":{"rendered":"<p>Con entusiasmo, colorido y participaci\u00f3n ciudadana, el municipio de San Pedro Carch\u00e1 dio inicio a su Feria Titular 2025 con un espectacular desfile que recorri\u00f3 las principales calles del municipio. Autoridades municipales, centros educativos, bandas escolares y vecinos acompa\u00f1aron esta actividad que marca el inicio de una semana de unidad, tradici\u00f3n y convivencia pac\u00edfica. La [&hellip;]<\/p>\n","protected":false},"author":1,"featured_media":22840,"comment_status":"closed","ping_status":"open","sticky":false,"template":"","format":"gallery","meta":[],"categories":[183],"tags":[178],"_links":{"self":[{"href":"https:\/\/gobernacionaltaverapaz.gob.gt\/index.php?rest_route=\/wp\/v2\/posts\/22839"}],"collection":[{"href":"https:\/\/gobernacionaltaverapaz.gob.gt\/index.php?rest_route=\/wp\/v2\/posts"}],"about":[{"href":"https:\/\/gobernacionaltaverapaz.gob.gt\/index.php?rest_route=\/wp\/v2\/types\/post"}],"author":[{"embeddable":true,"href":"https:\/\/gobernacionaltaverapaz.gob.gt\/index.php?rest_route=\/wp\/v2\/users\/1"}],"replies":[{"embeddable":true,"href":"https:\/\/gobernacionaltaverapaz.gob.gt\/index.php?rest_route=%2Fwp%2Fv2%2Fcomments&post=22839"}],"version-history":[{"count":1,"href":"https:\/\/gobernacionaltaverapaz.gob.gt\/index.php?rest_route=\/wp\/v2\/posts\/22839\/revisions"}],"predecessor-version":[{"id":22841,"href":"https:\/\/gobernacionaltaverapaz.gob.gt\/index.php?rest_route=\/wp\/v2\/posts\/22839\/revisions\/22841"}],"wp:featuredmedia":[{"embeddable":true,"href":"https:\/\/gobernacionaltaverapaz.gob.gt\/index.php?rest_route=\/wp\/v2\/media\/22840"}],"wp:attachment":[{"href":"https:\/\/gobernacionaltaverapaz.gob.gt\/index.php?rest_route=%2Fwp%2Fv2%2Fmedia&parent=22839"}],"wp:term":[{"taxonomy":"category","embeddable":true,"href":"https:\/\/gobernacionaltaverapaz.gob.gt\/index.php?rest_route=%2Fwp%2Fv2%2Fcategories&post=22839"},{"taxonomy":"post_tag","embeddable":true,"href":"https:\/\/gobernacionaltaverapaz.gob.gt\/index.php?rest_route=%2Fwp%2Fv2%2Ftags&post=22839"}],"curies":[{"name":"wp","href":"https:\/\/api.w.org\/{rel}","templated":true}]}}